{"id":999,"date":"2016-11-09T10:26:15","date_gmt":"2016-11-09T10:26:15","guid":{"rendered":"https:\/\/www.ecoconscience.tv\/?p=999"},"modified":"2016-11-19T22:32:24","modified_gmt":"2016-11-19T22:32:24","slug":"besoin-de-33-milliards-de-dollars-par-an-pour-accompagner-lenergie-solaire-en-afrique","status":"publish","type":"post","link":"https:\/\/www.ecoconscience.tv\/besoin-de-33-milliards-de-dollars-par-an-pour-accompagner-lenergie-solaire-en-afrique\/","title":{"rendered":"Besoin de 33 milliards de dollars par an pour accompagner l\u2019\u00e9nergie solaire en Afrique"},"content":{"rendered":"<div id=\"m_558219057522669199yiv4684289305yui_3_16_0_ym19_1_1478690261864_6740\" style=\"text-align: justify;\"><span id=\"m_558219057522669199yiv4684289305yui_3_16_0_ym19_1_1478690261864_6741\" lang=\"FR\">La promotion de l\u2019\u00e9nergie solaire \u00e9tait au c\u0153ur d\u2019une discussion au pavillon Afrique, le mardi 8 novembre 2016, au deuxi\u00e8me jour de la COP22 \u00e0 Marrakech. Pour la Banque mondiale, il faudra un investissement de 33 milliards de dollars par an, sur 20 ans, pour le d\u00e9veloppement du secteur sur le continent.<\/span><\/div>\n<div id=\"m_558219057522669199yiv4684289305yui_3_16_0_ym19_1_1478690261864_6742\" style=\"text-align: justify;\"><span id=\"m_558219057522669199yiv4684289305yui_3_16_0_ym19_1_1478690261864_6743\" lang=\"FR\">\u00a0<\/span><\/div>\n<div id=\"m_558219057522669199yiv4684289305yui_3_16_0_ym19_1_1478690261864_6744\" style=\"text-align: justify;\"><span id=\"m_558219057522669199yiv4684289305yui_3_16_0_ym19_1_1478690261864_6745\" lang=\"FR\">\u00ab\u00a0L\u2019Afrique a un gros potentiel en \u00e9nergie solaire. Un potentiel de 1.000 gigawatt, alors que le continent ne dispose que 1% de cette \u00e9nergie dans son r\u00e9seau. Sur les prochaines d\u00e9cennies, il y aura donc un grand besoin\u00a0\u00bb, a fait constater \u00e0 l\u2019auditoire Charles Cormier, d<span id=\"m_558219057522669199yiv4684289305yui_3_16_0_ym19_1_1478690261864_6746\">irecteur du secteur de l&rsquo;\u00e9nergie dans la r\u00e9gion du Moyen-Orient et d&rsquo;Afrique du Nord \u00e0 la <\/span><em id=\"m_558219057522669199yiv4684289305yui_3_16_0_ym19_1_1478690261864_6747\"><span id=\"m_558219057522669199yiv4684289305yui_3_16_0_ym19_1_1478690261864_6748\">Banque mondiale.<\/span><\/em><em id=\"m_558219057522669199yiv4684289305yui_3_16_0_ym19_1_1478690261864_6749\"><span id=\"m_558219057522669199yiv4684289305yui_3_16_0_ym19_1_1478690261864_6750\"><\/span><\/em><\/span><\/div>\n<div id=\"m_558219057522669199yiv4684289305yui_3_16_0_ym19_1_1478690261864_6751\" style=\"text-align: justify;\"><span id=\"m_558219057522669199yiv4684289305yui_3_16_0_ym19_1_1478690261864_6752\" lang=\"FR\">\u00a0<\/span><\/div>\n<div id=\"m_558219057522669199yiv4684289305yui_3_16_0_ym19_1_1478690261864_6753\" style=\"text-align: justify;\"><span id=\"m_558219057522669199yiv4684289305yui_3_16_0_ym19_1_1478690261864_6754\" lang=\"FR\">Pour que l\u2019Afrique puisse faire usage des 90% de potentiel restant, Cormier a estim\u00e9 qu\u2019il faut \u00ab\u00a0maintenant se rassurer que les investisseurs se lancent dans le secteur. Pour cela, il faudra voir comment aider les pays \u00e0 s\u2019assurer qu\u2019ils ont un environnement attrayant. En amont, on peut faire quelques projets pour commencer, vu la baisse du prix du solaire de 60% sur les cinq derni\u00e8res ann\u00e9es. \u00bb.<\/span><\/div>\n<div id=\"m_558219057522669199yiv4684289305yui_3_16_0_ym19_1_1478690261864_6755\" style=\"text-align: justify;\"><span id=\"m_558219057522669199yiv4684289305yui_3_16_0_ym19_1_1478690261864_6756\" lang=\"FR\">\u00a0<\/span><\/div>\n<div id=\"m_558219057522669199yiv4684289305yui_3_16_0_ym19_1_1478690261864_6757\" style=\"text-align: justify;\"><span id=\"m_558219057522669199yiv4684289305yui_3_16_0_ym19_1_1478690261864_6758\" lang=\"FR\">Le probl\u00e8me, estiment certains experts, est le manque de projets bancables. Des investisseurs africains, ont-ils soutenu, sillonnent l\u2019Afrique \u00e0 la recherche de projets, mais n\u2019en voient pas. C\u2019est pourquoi, ceux-ci pr\u00e9conise un mouvement globale et dynamique, comme cela a \u00e9t\u00e9 le cas avec la r\u00e9volution t\u00e9l\u00e9phonique ou industrielle. \u00ab\u00a0La r\u00e9volution solaire ne se fera pas toute seule. Des pays ont pris une bonne avance, tout le monde peut suivre\u00a0\u00bb, ont-ils sugg\u00e9r\u00e9, citant le S\u00e9n\u00e9gal, en r\u00e9f\u00e9rence.<\/span><\/div>\n<div id=\"m_558219057522669199yiv4684289305yui_3_16_0_ym19_1_1478690261864_6759\" style=\"text-align: justify;\"><span id=\"m_558219057522669199yiv4684289305yui_3_16_0_ym19_1_1478690261864_6760\" lang=\"FR\">\u00a0<\/span><\/div>\n<div id=\"m_558219057522669199yiv4684289305yui_3_16_0_ym19_1_1478690261864_6761\" style=\"text-align: justify;\"><span id=\"m_558219057522669199yiv4684289305yui_3_16_0_ym19_1_1478690261864_6762\" lang=\"FR\">En effet, le 22 octobre 2016, ce pays s\u2019est dot\u00e9 de la premi\u00e8re centrale solaire de taille industrielle en Afrique de l\u2019ouest. D\u2019une puissance de 20 m\u00e9gawatts (MW), cette centrale fournit l\u2019\u00e9lectricit\u00e9 \u00e0 160.000 personnes et elle est devenue le plus grand site de production ind\u00e9pendante d\u2019\u00e9nergie solaire en Afrique subsaharienne (hors Afrique du Sud).<\/span><\/div>\n<div id=\"m_558219057522669199yiv4684289305yui_3_16_0_ym19_1_1478690261864_6763\" style=\"text-align: justify;\"><span id=\"m_558219057522669199yiv4684289305yui_3_16_0_ym19_1_1478690261864_6764\" lang=\"FR\">\u00a0<\/span><\/div>\n<div id=\"m_558219057522669199yiv4684289305yui_3_16_0_ym19_1_1478690261864_6765\" style=\"text-align: justify;\"><span id=\"m_558219057522669199yiv4684289305yui_3_16_0_ym19_1_1478690261864_6766\" lang=\"FR\">\u00ab\u00a0Nous avons d\u00e9sormais une capacit\u00e9 solaire de 40 MW. En la mati\u00e8re, le S\u00e9n\u00e9gal est donc loin devant\u00a0les autres pays du continent \u00bb, s\u2019est f\u00e9licit\u00e9 Ibrahim Niane, Directeur \u00e9lectricit\u00e9 au minist\u00e8re s\u00e9n\u00e9galais de l\u2019Energie. \u00ab\u00a0Mais on ne va pas s\u2019arr\u00eater l\u00e0\u00a0\u00bb, assure-t-il, soulignant un co\u00fbt d\u2019\u00e9lectricit\u00e9 encore \u00e9lev\u00e9 dans son pays.<\/span><\/div>\n<div id=\"m_558219057522669199yiv4684289305yui_3_16_0_ym19_1_1478690261864_6780\" style=\"text-align: justify;\"><span id=\"m_558219057522669199yiv4684289305yui_3_16_0_ym19_1_1478690261864_6770\" lang=\"FR\">\u00a0<\/span><\/div>\n<div id=\"m_558219057522669199yiv4684289305yui_3_16_0_ym19_1_1478690261864_6841\" style=\"text-align: justify;\"><span id=\"m_558219057522669199yiv4684289305yui_3_16_0_ym19_1_1478690261864_6770\" lang=\"FR\">C\u2019est pourquoi, durant l\u2019ann\u00e9e 2017, le S\u00e9n\u00e9gal va inaugurer quatre centrales solaires de 100MW au total. Deux centrales produiront 30 MW chacune et les deux autres 20 MW, chacune. \u00ab\u00a0L\u2019ann\u00e9e prochaine, nous serons \u00e0 20% d\u2019utilisation d\u2019\u00e9nergies renouvelable et en 2018, nous atteindrons 30%. Nous allons tr\u00e8s vite afin d\u2019avoir les meilleurs prix pour les populations\u00a0\u00bb, a indiqu\u00e9 Niane.<\/span><\/div>\n<div id=\"m_558219057522669199yiv4684289305yui_3_16_0_ym19_1_1478690261864_6771\" style=\"text-align: justify;\"><span id=\"m_558219057522669199yiv4684289305yui_3_16_0_ym19_1_1478690261864_6772\" lang=\"FR\">\u00a0<\/span><\/div>\n<div id=\"m_558219057522669199yiv4684289305yui_3_16_0_ym19_1_1478690261864_6773\" style=\"text-align: justify;\"><span id=\"m_558219057522669199yiv4684289305yui_3_16_0_ym19_1_1478690261864_6774\" lang=\"FR\">Cette perc\u00e9e est \u00e9galement observ\u00e9e en l\u2019Ethiopie o\u00f9 le seuil de 30% devrait \u00eatre bient\u00f4t atteint. Dans ce pays de l\u2019Afrique de l\u2019est, plus de 90% de l\u2019\u00e9lectricit\u00e9 provient des \u00e9nergies renouvelables, selon la directrice de l\u2019Environnement au minist\u00e8re \u00e9thiopien de l\u2019Eau, Belaynesh Birru. Ce sont, dit-elle, 11 millions d\u2019usines en biogaz, qui sont construits dans son pays, 77 millions de litres d\u2019Ethanol produits, pour un gain de 53 millions de dollars.<\/span><\/div>\n<div id=\"m_558219057522669199yiv4684289305yui_3_16_0_ym19_1_1478690261864_6775\" style=\"text-align: justify;\"><span id=\"m_558219057522669199yiv4684289305yui_3_16_0_ym19_1_1478690261864_6776\" lang=\"FR\"><span id=\"m_558219057522669199yiv4684289305yui_3_16_0_ym19_1_1478690261864_6777\">\u00a0<\/span><\/span><\/div>\n<div id=\"m_558219057522669199yiv4684289305yui_3_16_0_ym19_1_1478690261864_6778\" style=\"text-align: justify;\"><span id=\"m_558219057522669199yiv4684289305yui_3_16_0_ym19_1_1478690261864_6779\" lang=\"FR\">\u00ab\u00a0Mais, on a encore besoin d\u2019un niveau \u00e9lev\u00e9 d\u2019investissements pour avoir la technologie dans les zones rurales\u00a0\u00bb, a nuanc\u00e9 Birru. Ajoutant que l\u2019Ethiopie a pour priorit\u00e9 de produire 4,3 Gigawatt (GW) d\u2019\u00e9nergie solaire d\u2019ici la fin de l\u2019ann\u00e9e 2016.<\/span><\/div>\n<div style=\"text-align: justify;\"><\/div>\n<div style=\"text-align: justify;\"><i id=\"m_558219057522669199yiv4684289305yui_3_16_0_ym19_1_1478690261864_6894\"><b id=\"m_558219057522669199yiv4684289305yui_3_16_0_ym19_1_1478690261864_6895\">\u00a0Source: PAMACC\u00a0 <\/b><\/i><\/div>\n","protected":false},"excerpt":{"rendered":"<p>La promotion de l\u2019\u00e9nergie solaire \u00e9tait au c\u0153ur d\u2019une discussion au pavillon Afrique, le mardi 8 novembre 2016, au deuxi\u00e8me jour de la COP22 \u00e0 Marrakech. Pour la Banque mondiale, il faudra un investissement de 33 milliards de dollars par an, sur 20 ans, pour le d\u00e9veloppement du secteur sur le continent. \u00a0 \u00ab\u00a0L\u2019Afrique a [&hellip;]<\/p>\n","protected":false},"author":2,"featured_media":1000,"comment_status":"open","ping_status":"open","sticky":false,"template":"","format":"standard","meta":{"ec_post_video":""},"categories":[2],"tags":[],"odd":[],"_links":{"self":[{"href":"https:\/\/www.ecoconscience.tv\/api\/wp\/v2\/posts\/999"}],"collection":[{"href":"https:\/\/www.ecoconscience.tv\/api\/wp\/v2\/posts"}],"about":[{"href":"https:\/\/www.ecoconscience.tv\/api\/wp\/v2\/types\/post"}],"author":[{"embeddable":true,"href":"https:\/\/www.ecoconscience.tv\/api\/wp\/v2\/users\/2"}],"replies":[{"embeddable":true,"href":"https:\/\/www.ecoconscience.tv\/api\/wp\/v2\/comments?post=999"}],"version-history":[{"count":1,"href":"https:\/\/www.ecoconscience.tv\/api\/wp\/v2\/posts\/999\/revisions"}],"predecessor-version":[{"id":1001,"href":"https:\/\/www.ecoconscience.tv\/api\/wp\/v2\/posts\/999\/revisions\/1001"}],"wp:featuredmedia":[{"embeddable":true,"href":"https:\/\/www.ecoconscience.tv\/api\/wp\/v2\/media\/1000"}],"wp:attachment":[{"href":"https:\/\/www.ecoconscience.tv\/api\/wp\/v2\/media?parent=999"}],"wp:term":[{"taxonomy":"category","embeddable":true,"href":"https:\/\/www.ecoconscience.tv\/api\/wp\/v2\/categories?post=999"},{"taxonomy":"post_tag","embeddable":true,"href":"https:\/\/www.ecoconscience.tv\/api\/wp\/v2\/tags?post=999"},{"taxonomy":"odd","embeddable":true,"href":"https:\/\/www.ecoconscience.tv\/api\/wp\/v2\/odd?post=999"}],"curies":[{"name":"wp","href":"https:\/\/api.w.org\/{rel}","templated":true}]}}