{"id":994,"date":"2016-11-17T18:42:02","date_gmt":"2016-11-17T18:42:02","guid":{"rendered":"https:\/\/www.ecoconscience.tv\/?p=994"},"modified":"2016-11-17T18:42:02","modified_gmt":"2016-11-17T18:42:02","slug":"994-2","status":"publish","type":"post","link":"https:\/\/www.ecoconscience.tv\/994-2\/","title":{"rendered":"Africa Day COP22 : La question des Energies renouvelables une pr\u00e9occupation"},"content":{"rendered":"<p style=\"text-align: justify;\"><span style=\"color: #808080;\">Africa Day. Africa in action&#8230; Ce 16 novembre 2016 a port\u00e9 la couleur de l\u2019Afrique \u00e0 la COP22. Dans le pavillon Afrique dans la zone bleue, plusieurs side events ont \u00e9t\u00e9 tenus sur les grands enjeux climatiques en Afrique. Les diff\u00e9rentes d\u00e9l\u00e9gations africaines pr\u00e9sentes ont\u00a0 fait entendre leur voi<\/span>x.<\/p>\n<p style=\"text-align: justify;\">L\u2019un des aspects majeurs qui a meubl\u00e9 des d\u00e9bats a port\u00e9 sur la question des \u00e9nergies renouvelable, consid\u00e9r\u00e9e comme moteur pour l\u2019Afrique.<\/p>\n<p style=\"text-align: justify;\">Plus vuln\u00e9rable aux effets des changements climatiques, le continent africain est au centre des pr\u00e9occupations. Mais face aux nombreux d\u00e9fis, elle ne se d\u00e9sarme pas. Elle s\u2019engage \u00e0 devenir \u00ab\u00a0Une Afrique plus r\u00e9siliente au climat, dot\u00e9 des ressources pour soutenir l\u2019Att\u00e9nuation du changement climatique et l\u2019adaptation\u00a0\u00bb. Une Afrique qui sera plus stable avec la paix, la prosp\u00e9rit\u00e9 et des emplois pour les jeunes.<\/p>\n<p style=\"text-align: justify;\">\nL\u2019essentiel sur Africa Day COP22 dans cet \u00e9l\u00e9ment de votre cha\u00eene<strong><span style=\"color: #008000;\">ECO CONSCIENCE TV<\/span><\/strong><\/p>\n","protected":false},"excerpt":{"rendered":"<p>Africa Day. Africa in action&#8230; Ce 16 novembre 2016 a port\u00e9 la couleur de l\u2019Afrique \u00e0 la COP22. Dans le pavillon Afrique dans la zone bleue, plusieurs side events ont \u00e9t\u00e9 tenus sur les grands enjeux climatiques en Afrique. Les diff\u00e9rentes d\u00e9l\u00e9gations africaines pr\u00e9sentes ont\u00a0 fait entendre leur voix. L\u2019un des aspects majeurs qui a [&hellip;]<\/p>\n","protected":false},"author":2,"featured_media":997,"comment_status":"open","ping_status":"open","sticky":false,"template":"","format":"video","meta":{"ec_post_video":""},"categories":[2],"tags":[315,11,302,370],"odd":[],"_links":{"self":[{"href":"https:\/\/www.ecoconscience.tv\/api\/wp\/v2\/posts\/994"}],"collection":[{"href":"https:\/\/www.ecoconscience.tv\/api\/wp\/v2\/posts"}],"about":[{"href":"https:\/\/www.ecoconscience.tv\/api\/wp\/v2\/types\/post"}],"author":[{"embeddable":true,"href":"https:\/\/www.ecoconscience.tv\/api\/wp\/v2\/users\/2"}],"replies":[{"embeddable":true,"href":"https:\/\/www.ecoconscience.tv\/api\/wp\/v2\/comments?post=994"}],"version-history":[{"count":1,"href":"https:\/\/www.ecoconscience.tv\/api\/wp\/v2\/posts\/994\/revisions"}],"predecessor-version":[{"id":996,"href":"https:\/\/www.ecoconscience.tv\/api\/wp\/v2\/posts\/994\/revisions\/996"}],"wp:featuredmedia":[{"embeddable":true,"href":"https:\/\/www.ecoconscience.tv\/api\/wp\/v2\/media\/997"}],"wp:attachment":[{"href":"https:\/\/www.ecoconscience.tv\/api\/wp\/v2\/media?parent=994"}],"wp:term":[{"taxonomy":"category","embeddable":true,"href":"https:\/\/www.ecoconscience.tv\/api\/wp\/v2\/categories?post=994"},{"taxonomy":"post_tag","embeddable":true,"href":"https:\/\/www.ecoconscience.tv\/api\/wp\/v2\/tags?post=994"},{"taxonomy":"odd","embeddable":true,"href":"https:\/\/www.ecoconscience.tv\/api\/wp\/v2\/odd?post=994"}],"curies":[{"name":"wp","href":"https:\/\/api.w.org\/{rel}","templated":true}]}}