{"id":9613,"date":"2022-07-18T19:37:46","date_gmt":"2022-07-18T19:37:46","guid":{"rendered":"https:\/\/www.ecoconscience.tv\/?p=9613"},"modified":"2022-10-22T22:40:06","modified_gmt":"2022-10-22T22:40:06","slug":"france-volontaires-togo-et-sa-vision-du-volontariat-francais-au-togo-pour-les-3-prochaines-annees","status":"publish","type":"post","link":"https:\/\/www.ecoconscience.tv\/france-volontaires-togo-et-sa-vision-du-volontariat-francais-au-togo-pour-les-3-prochaines-annees\/","title":{"rendered":"France Volontaires Togo et sa vision du volontariat Fran\u00e7ais au Togo pour les 3 prochaines ann\u00e9es"},"content":{"rendered":"\n<p class=\"has-vivid-green-cyan-color has-text-color\">#EcoConscienceTV<\/p>\n\n\n\n<p>France Volontaires Togo Impact\u00e9 par la crise sanitaire li\u00e9e \u00e0 <a href=\"https:\/\/www.youtube.com\/hashtag\/covid19\">#COVID19<\/a> , les deux derni\u00e8res ann\u00e9es ont connu une baisse significative de l&rsquo;engagement des volontariats internationaux d&rsquo;\u00e9changes et de solidarit\u00e9s. Depuis 2021, une reprise progressive du nombre des volontaires au Togo est constat\u00e9. <\/p>\n\n\n\n<p>Dans ce contexte de reprise, devant la presse le 17 juin 2022 lors d&rsquo;une conf\u00e9rence de presse \u00e0 Lom\u00e9, la France Volontaires Togo a pr\u00e9sent\u00e9 le bilan exhaustif de ses activit\u00e9s de 2021 et partag\u00e9 sa vision du volontariat Fran\u00e7ais au Togo pour les 3 prochaines ann\u00e9es&#8230; <\/p>\n\n\n\n<p>Les d\u00e9tails dans ce reportage<\/p>\n","protected":false},"excerpt":{"rendered":"<p>#EcoConscienceTV France Volontaires Togo Impact\u00e9 par la crise sanitaire li\u00e9e \u00e0 #COVID19 , les deux derni\u00e8res ann\u00e9es ont connu une baisse significative de l&rsquo;engagement des volontariats internationaux d&rsquo;\u00e9changes et de solidarit\u00e9s. Depuis 2021, une reprise progressive du nombre des volontaires au Togo est constat\u00e9. Dans ce contexte de reprise, devant la presse le 17 juin [&hellip;]<\/p>\n","protected":false},"author":2,"featured_media":9468,"comment_status":"open","ping_status":"open","sticky":false,"template":"","format":"standard","meta":{"ec_post_video":"https:\/\/www.youtube.com\/watch?v=wxgOX8IXG_I"},"categories":[2085,2],"tags":[],"odd":[615],"_links":{"self":[{"href":"https:\/\/www.ecoconscience.tv\/api\/wp\/v2\/posts\/9613"}],"collection":[{"href":"https:\/\/www.ecoconscience.tv\/api\/wp\/v2\/posts"}],"about":[{"href":"https:\/\/www.ecoconscience.tv\/api\/wp\/v2\/types\/post"}],"author":[{"embeddable":true,"href":"https:\/\/www.ecoconscience.tv\/api\/wp\/v2\/users\/2"}],"replies":[{"embeddable":true,"href":"https:\/\/www.ecoconscience.tv\/api\/wp\/v2\/comments?post=9613"}],"version-history":[{"count":2,"href":"https:\/\/www.ecoconscience.tv\/api\/wp\/v2\/posts\/9613\/revisions"}],"predecessor-version":[{"id":9615,"href":"https:\/\/www.ecoconscience.tv\/api\/wp\/v2\/posts\/9613\/revisions\/9615"}],"wp:featuredmedia":[{"embeddable":true,"href":"https:\/\/www.ecoconscience.tv\/api\/wp\/v2\/media\/9468"}],"wp:attachment":[{"href":"https:\/\/www.ecoconscience.tv\/api\/wp\/v2\/media?parent=9613"}],"wp:term":[{"taxonomy":"category","embeddable":true,"href":"https:\/\/www.ecoconscience.tv\/api\/wp\/v2\/categories?post=9613"},{"taxonomy":"post_tag","embeddable":true,"href":"https:\/\/www.ecoconscience.tv\/api\/wp\/v2\/tags?post=9613"},{"taxonomy":"odd","embeddable":true,"href":"https:\/\/www.ecoconscience.tv\/api\/wp\/v2\/odd?post=9613"}],"curies":[{"name":"wp","href":"https:\/\/api.w.org\/{rel}","templated":true}]}}