{"id":9525,"date":"2022-01-18T17:06:05","date_gmt":"2022-01-18T17:06:05","guid":{"rendered":"https:\/\/www.ecoconscience.tv\/?p=9525"},"modified":"2022-01-18T17:06:08","modified_gmt":"2022-01-18T17:06:08","slug":"au-mali-aminata-traore-lutte-contre-les-dechets-plastiques","status":"publish","type":"post","link":"https:\/\/www.ecoconscience.tv\/au-mali-aminata-traore-lutte-contre-les-dechets-plastiques\/","title":{"rendered":"Au Mali, Aminata Traor\u00e9 lutte contre les d\u00e9chets plastiques"},"content":{"rendered":"\n<p class=\"has-vivid-green-cyan-color has-text-color\">#EcoConscienceTV<\/p>\n\n\n\n<p class=\"has-vivid-green-cyan-color has-text-color\"><strong>Aminata Idrissa Traor\u00e9 est l&rsquo;une des laur\u00e9ates de la premi\u00e8re \u00e9dition du programme L\u2019AFrik De Demain. Elle est la promotrice de N\u2019balan, une entreprise qui commercialise des sacs et emballages biod\u00e9gradables. D\u00e9couverte !<\/strong><\/p>\n\n\n\n<figure class=\"wp-container-2 wp-block-gallery-1 wp-block-gallery columns-1 is-cropped\"><ul class=\"blocks-gallery-grid\"><li class=\"blocks-gallery-item\"><figure><a href=\"https:\/\/www.ecoconscience.tv\/wp-content\/uploads\/2022\/01\/271438730_130457516110133_8833818833299798722_n-2-930x601.jpg\"><img loading=\"lazy\" width=\"930\" height=\"601\" src=\"https:\/\/www.ecoconscience.tv\/wp-content\/uploads\/2022\/01\/271438730_130457516110133_8833818833299798722_n-2-930x601.jpg\" alt=\"\" data-id=\"9531\" data-full-url=\"https:\/\/www.ecoconscience.tv\/wp-content\/uploads\/2022\/01\/271438730_130457516110133_8833818833299798722_n-2-930x601.jpg\" data-link=\"https:\/\/www.ecoconscience.tv\/?attachment_id=9531\" class=\"wp-image-9531\" srcset=\"https:\/\/www.ecoconscience.tv\/wp-content\/uploads\/2022\/01\/271438730_130457516110133_8833818833299798722_n-2-930x601.jpg 930w, https:\/\/www.ecoconscience.tv\/wp-content\/uploads\/2022\/01\/271438730_130457516110133_8833818833299798722_n-2-300x194.jpg 300w, https:\/\/www.ecoconscience.tv\/wp-content\/uploads\/2022\/01\/271438730_130457516110133_8833818833299798722_n-2-768x496.jpg 768w\" sizes=\"(max-width: 930px) 100vw, 930px\" \/><\/a><\/figure><\/li><\/ul><\/figure>\n\n\n\n<p><strong>Aminata Idrissa Traor\u00e9<\/strong> a embrass\u00e9 <strong><u><a href=\"https:\/\/oceans-news.com\/otou-kodjo-aid-devenir-le-mc-donald-du-btp-en-afrique\/\">l\u2019univers entrepreneurial<\/a><\/u><\/strong> en juillet 2021. Elle est titulaire d\u2019une Licence en communication. Passionn\u00e9e de la sauvegarde de l\u2019environnement, c\u2019est pendant sa deuxi\u00e8me ann\u00e9e d\u2019\u00e9tude au Maroc qu\u2019elle eut l\u2019id\u00e9e de transformer cette passion en entreprise. C&rsquo;est le 3 juillet 2021, \u201cjourn\u00e9e mondiale sans sacs plastiques\u201d qu&rsquo;elle d\u00e9cide de lancer <strong>N<\/strong><strong>\u2019<\/strong><strong>balan.<\/strong> <em>\u00ab<\/em><em> Une ann<\/em><em>\u00e9<\/em><em>e apr<\/em><em>\u00e8<\/em><em>s mon retour au pays, j<\/em><em>\u2019<\/em><em>ai d<\/em><em>\u00e9<\/em><em>cid<\/em><em>\u00e9<\/em><em> de me lancer dans l<\/em><em>\u2019<\/em><em>entrepreneuriat en cr<\/em><em>\u00e9<\/em><em>ant N<\/em><em>\u2019<\/em><em>balan, qui veut dire sac en Bambara, une des langues les plus parl<\/em><em>\u00e9<\/em><em>es du Mali <\/em><em>\u00bb<\/em><em>, <\/em>confie <strong>Aminata Idrissa Traor<\/strong><strong>\u00e9<\/strong><strong>.<\/strong><em> <\/em>L\u2019entreprise commercialise des sacs et <strong><u><a href=\"https:\/\/oceans-news.com\/noussia-kokou-ametepe-le-genie-derriere-civic-bag\/\">emballages biod\u00e9gradables<\/a><\/u>. <\/strong>Elle donne des pr\u00e9cisions : <em>\u00ab<\/em><em> Nous <\/em><em>\u00e9<\/em><em>voluons dans tout ce qui est emballage et packaging afin de limiter l<\/em><em>\u2019<\/em><em>impact des sachets plastiques au Mali et pourquoi pas un peu partout dans le monde <\/em><em>\u00bb<\/em>.<\/p>\n\n\n\n<p><strong>N\u2019balan<\/strong> commercialise des emballages papiers 100% biod\u00e9gradables, \u00e9coresponsables et personnalisables qui respectent l\u2019homme et son environnement. L\u2019entreprise est bas\u00e9e dans la capitale malienne et est compos\u00e9e d\u2019une \u00e9quipe de trois (03) jeunes passionn\u00e9es. Aminata Idrissa Traor\u00e9 a pour r\u00eave personnel de devenir la premi\u00e8re journaliste professionnelle sp\u00e9cialis\u00e9e en environnement au Mali.<\/p>\n\n\n\n<p>Difficult\u00e9s financi\u00e8res pour mener \u00e0 bien ses diff\u00e9rents projets et manque de soutien de son entourage, sont entre autres les contraintes rencontr\u00e9es par <strong>Aminata <\/strong>pour ses premiers mois en tant <strong><u><a href=\"https:\/\/oceans-news.com\/zama-kelly-daniella-pare-sentinelle-des-richesses-africaines\/\">qu\u2019entrepreneure<\/a><\/u><\/strong>.\u00a0 Mais cette jeune visionnaire qui per\u00e7oit l\u2019entrepreneuriat comme l\u2019apport de solution \u00e0 un probl\u00e8me d\u2019une communaut\u00e9 compte porter loin son b\u00e9b\u00e9 \u201cN\u2019balan\u201d.<\/p>\n\n\n\n<p>Les chefs d\u2019\u0153uvres de <strong>N&rsquo;balan <\/strong>\u00e0 retrouver sur sa <strong><a href=\"https:\/\/www.facebook.com\/nbalanentreprise\">Page Facebook<\/a><\/strong> <\/p>\n\n\n\n<figure class=\"wp-container-4 wp-block-gallery-3 wp-block-gallery columns-2 is-cropped\"><ul class=\"blocks-gallery-grid\"><li class=\"blocks-gallery-item\"><figure><a href=\"https:\/\/www.ecoconscience.tv\/wp-content\/uploads\/2022\/01\/267711575_233059672304994_7716185364419207690_n-1440x1080.jpg\"><img loading=\"lazy\" width=\"1024\" height=\"768\" src=\"https:\/\/www.ecoconscience.tv\/wp-content\/uploads\/2022\/01\/267711575_233059672304994_7716185364419207690_n-1024x768.jpg\" alt=\"\" data-id=\"9527\" data-full-url=\"https:\/\/www.ecoconscience.tv\/wp-content\/uploads\/2022\/01\/267711575_233059672304994_7716185364419207690_n-1440x1080.jpg\" data-link=\"https:\/\/www.ecoconscience.tv\/?attachment_id=9527\" class=\"wp-image-9527\" srcset=\"https:\/\/www.ecoconscience.tv\/wp-content\/uploads\/2022\/01\/267711575_233059672304994_7716185364419207690_n-1024x768.jpg 1024w, https:\/\/www.ecoconscience.tv\/wp-content\/uploads\/2022\/01\/267711575_233059672304994_7716185364419207690_n-300x225.jpg 300w, https:\/\/www.ecoconscience.tv\/wp-content\/uploads\/2022\/01\/267711575_233059672304994_7716185364419207690_n-768x576.jpg 768w, https:\/\/www.ecoconscience.tv\/wp-content\/uploads\/2022\/01\/267711575_233059672304994_7716185364419207690_n-1440x1080.jpg 1440w\" sizes=\"(max-width: 1024px) 100vw, 1024px\" \/><\/a><\/figure><\/li><li class=\"blocks-gallery-item\"><figure><a href=\"https:\/\/www.ecoconscience.tv\/wp-content\/uploads\/2022\/01\/271245641_246880064256288_2123775551257576262_n-1440x1799.jpg\"><img loading=\"lazy\" width=\"820\" height=\"1024\" src=\"https:\/\/www.ecoconscience.tv\/wp-content\/uploads\/2022\/01\/271245641_246880064256288_2123775551257576262_n-820x1024.jpg\" alt=\"\" data-id=\"9528\" data-full-url=\"https:\/\/www.ecoconscience.tv\/wp-content\/uploads\/2022\/01\/271245641_246880064256288_2123775551257576262_n-1440x1799.jpg\" data-link=\"https:\/\/www.ecoconscience.tv\/?attachment_id=9528\" class=\"wp-image-9528\" srcset=\"https:\/\/www.ecoconscience.tv\/wp-content\/uploads\/2022\/01\/271245641_246880064256288_2123775551257576262_n-820x1024.jpg 820w, https:\/\/www.ecoconscience.tv\/wp-content\/uploads\/2022\/01\/271245641_246880064256288_2123775551257576262_n-240x300.jpg 240w, https:\/\/www.ecoconscience.tv\/wp-content\/uploads\/2022\/01\/271245641_246880064256288_2123775551257576262_n-768x959.jpg 768w, https:\/\/www.ecoconscience.tv\/wp-content\/uploads\/2022\/01\/271245641_246880064256288_2123775551257576262_n-1229x1536.jpg 1229w, https:\/\/www.ecoconscience.tv\/wp-content\/uploads\/2022\/01\/271245641_246880064256288_2123775551257576262_n-1440x1799.jpg 1440w\" sizes=\"(max-width: 820px) 100vw, 820px\" \/><\/a><\/figure><\/li><\/ul><\/figure>\n\n\n\n<p>Source <\/p>\n\n\n\n<p><a href=\"https:\/\/www.facebook.com\/LAfrikDeDemain\">L&rsquo;Afrik De Demain<\/a><\/p>\n","protected":false},"excerpt":{"rendered":"<p>#EcoConscienceTV Aminata Idrissa Traor\u00e9 est l&rsquo;une des laur\u00e9ates de la premi\u00e8re \u00e9dition du programme L\u2019AFrik De Demain. Elle est la promotrice de N\u2019balan, une entreprise qui commercialise des sacs et emballages biod\u00e9gradables. D\u00e9couverte ! Aminata Idrissa Traor\u00e9 a embrass\u00e9 l\u2019univers entrepreneurial en juillet 2021. Elle est titulaire d\u2019une Licence en communication. Passionn\u00e9e de la sauvegarde [&hellip;]<\/p>\n","protected":false},"author":2,"featured_media":9526,"comment_status":"open","ping_status":"open","sticky":false,"template":"","format":"standard","meta":{"ec_post_video":""},"categories":[372],"tags":[2056,2059,2055,2057,2058],"odd":[605],"_links":{"self":[{"href":"https:\/\/www.ecoconscience.tv\/api\/wp\/v2\/posts\/9525"}],"collection":[{"href":"https:\/\/www.ecoconscience.tv\/api\/wp\/v2\/posts"}],"about":[{"href":"https:\/\/www.ecoconscience.tv\/api\/wp\/v2\/types\/post"}],"author":[{"embeddable":true,"href":"https:\/\/www.ecoconscience.tv\/api\/wp\/v2\/users\/2"}],"replies":[{"embeddable":true,"href":"https:\/\/www.ecoconscience.tv\/api\/wp\/v2\/comments?post=9525"}],"version-history":[{"count":1,"href":"https:\/\/www.ecoconscience.tv\/api\/wp\/v2\/posts\/9525\/revisions"}],"predecessor-version":[{"id":9532,"href":"https:\/\/www.ecoconscience.tv\/api\/wp\/v2\/posts\/9525\/revisions\/9532"}],"wp:featuredmedia":[{"embeddable":true,"href":"https:\/\/www.ecoconscience.tv\/api\/wp\/v2\/media\/9526"}],"wp:attachment":[{"href":"https:\/\/www.ecoconscience.tv\/api\/wp\/v2\/media?parent=9525"}],"wp:term":[{"taxonomy":"category","embeddable":true,"href":"https:\/\/www.ecoconscience.tv\/api\/wp\/v2\/categories?post=9525"},{"taxonomy":"post_tag","embeddable":true,"href":"https:\/\/www.ecoconscience.tv\/api\/wp\/v2\/tags?post=9525"},{"taxonomy":"odd","embeddable":true,"href":"https:\/\/www.ecoconscience.tv\/api\/wp\/v2\/odd?post=9525"}],"curies":[{"name":"wp","href":"https:\/\/api.w.org\/{rel}","templated":true}]}}