{"id":9487,"date":"2021-12-19T12:50:16","date_gmt":"2021-12-19T12:50:16","guid":{"rendered":"https:\/\/www.ecoconscience.tv\/?p=9487"},"modified":"2022-02-24T08:51:00","modified_gmt":"2022-02-24T08:51:00","slug":"la-filiere-porcine-focus-sur-la-peste-porcine-africaine-ppa-et-son-impact-au-togo","status":"publish","type":"post","link":"https:\/\/www.ecoconscience.tv\/la-filiere-porcine-focus-sur-la-peste-porcine-africaine-ppa-et-son-impact-au-togo\/","title":{"rendered":"La fili\u00e8re porcine : Focus sur la Peste Porcine Africaine (PPA) et son impact au Togo"},"content":{"rendered":"\n<p class=\"has-vivid-green-cyan-color has-text-color\">#EcoConscienceTV<\/p>\n\n\n\n<figure class=\"wp-block-image size-large\"><a href=\"https:\/\/www.ecoconscience.tv\/wp-content\/uploads\/2021\/12\/bgh56-1350x756.jpg\"><img loading=\"lazy\" width=\"1024\" height=\"573\" src=\"https:\/\/www.ecoconscience.tv\/wp-content\/uploads\/2021\/12\/bgh56-1024x573.jpg\" alt=\"\" class=\"wp-image-9489\" srcset=\"https:\/\/www.ecoconscience.tv\/wp-content\/uploads\/2021\/12\/bgh56-1024x573.jpg 1024w, https:\/\/www.ecoconscience.tv\/wp-content\/uploads\/2021\/12\/bgh56-300x168.jpg 300w, https:\/\/www.ecoconscience.tv\/wp-content\/uploads\/2021\/12\/bgh56-768x430.jpg 768w, https:\/\/www.ecoconscience.tv\/wp-content\/uploads\/2021\/12\/bgh56-253x142.jpg 253w, https:\/\/www.ecoconscience.tv\/wp-content\/uploads\/2021\/12\/bgh56-1350x756.jpg 1350w\" sizes=\"(max-width: 1024px) 100vw, 1024px\" \/><\/a><\/figure>\n\n\n\n<p><a href=\"https:\/\/www.fao.org\/3\/x8060f\/X8060F.htm\">La Peste Porcine Africaine (PPA)<\/a> est consid\u00e9r\u00e9e comme end\u00e9mique dans la plupart des pays d&rsquo;Afrique subsaharienne. Le Togo a signal\u00e9 son premier foyer en 1997 et depuis lors, la maladie persiste activement dans le pays. Depuis 2009, de nouveaux foyers de PPA sont signal\u00e9s chaque ann\u00e9e au Togo. En juin 2019, le Togo a enregistr\u00e9 la vague la plus importante avec 31 foyers signal\u00e9s. En cumul au cours de cette m\u00eame ann\u00e9e, mille (1000) cas ont \u00e9t\u00e9 notifi\u00e9s dans une population \u00e0 risque de trois mille (3000) porcs et 600 ont \u00e9t\u00e9 d\u00e9truits par les Services V\u00e9t\u00e9rinaires.<\/p>\n\n\n\n<p class=\"has-vivid-cyan-blue-color has-text-color\"><strong>Dans ce reportage, nous faisons l&rsquo;\u00e9tat des lieux de la fili\u00e8re porcine qui emploie majoritairement les femmes au Togo. \u00c9galement les actions de l&rsquo;<a href=\"https:\/\/www.fao.org\/countryprofiles\/index\/fr\/?iso3=TGO\">Organisation des Nations Unies pour l&rsquo;alimentation et l&rsquo;Agriculture (FAO)<\/a> en appui au <a href=\"https:\/\/agriculture.gouv.tg\/\">minist\u00e8re de l\u2019Agriculture, de l\u2019Elevage et du D\u00e9veloppement Rural (MAEDR)<\/a> pour faire face \u00e0 la situation de la Peste Porcine Africaine (PPA).<\/strong><\/p>\n\n\n\n<p>#elevage #elevageporcine #PestePorcineAfricaine<\/p>\n\n\n\n<p><a href=\"https:\/\/www.facebook.com\/RolandeDjatougbeAziaka\/\"><em><strong>R.Aziaka<\/strong><\/em> <\/a><\/p>\n","protected":false},"excerpt":{"rendered":"<p>#EcoConscienceTV La Peste Porcine Africaine (PPA) est consid\u00e9r\u00e9e comme end\u00e9mique dans la plupart des pays d&rsquo;Afrique subsaharienne. Le Togo a signal\u00e9 son premier foyer en 1997 et depuis lors, la maladie persiste activement dans le pays. Depuis 2009, de nouveaux foyers de PPA sont signal\u00e9s chaque ann\u00e9e au Togo. En juin 2019, le Togo a [&hellip;]<\/p>\n","protected":false},"author":2,"featured_media":9488,"comment_status":"open","ping_status":"open","sticky":false,"template":"","format":"standard","meta":{"ec_post_video":"https:\/\/www.youtube.com\/watch?v=kDcpLSxsUvI"},"categories":[372,2],"tags":[2039,2041,2038,2040,1333],"odd":[605],"_links":{"self":[{"href":"https:\/\/www.ecoconscience.tv\/api\/wp\/v2\/posts\/9487"}],"collection":[{"href":"https:\/\/www.ecoconscience.tv\/api\/wp\/v2\/posts"}],"about":[{"href":"https:\/\/www.ecoconscience.tv\/api\/wp\/v2\/types\/post"}],"author":[{"embeddable":true,"href":"https:\/\/www.ecoconscience.tv\/api\/wp\/v2\/users\/2"}],"replies":[{"embeddable":true,"href":"https:\/\/www.ecoconscience.tv\/api\/wp\/v2\/comments?post=9487"}],"version-history":[{"count":3,"href":"https:\/\/www.ecoconscience.tv\/api\/wp\/v2\/posts\/9487\/revisions"}],"predecessor-version":[{"id":9565,"href":"https:\/\/www.ecoconscience.tv\/api\/wp\/v2\/posts\/9487\/revisions\/9565"}],"wp:featuredmedia":[{"embeddable":true,"href":"https:\/\/www.ecoconscience.tv\/api\/wp\/v2\/media\/9488"}],"wp:attachment":[{"href":"https:\/\/www.ecoconscience.tv\/api\/wp\/v2\/media?parent=9487"}],"wp:term":[{"taxonomy":"category","embeddable":true,"href":"https:\/\/www.ecoconscience.tv\/api\/wp\/v2\/categories?post=9487"},{"taxonomy":"post_tag","embeddable":true,"href":"https:\/\/www.ecoconscience.tv\/api\/wp\/v2\/tags?post=9487"},{"taxonomy":"odd","embeddable":true,"href":"https:\/\/www.ecoconscience.tv\/api\/wp\/v2\/odd?post=9487"}],"curies":[{"name":"wp","href":"https:\/\/api.w.org\/{rel}","templated":true}]}}