{"id":9479,"date":"2021-12-17T09:30:00","date_gmt":"2021-12-17T09:30:00","guid":{"rendered":"https:\/\/www.ecoconscience.tv\/?p=9479"},"modified":"2022-02-24T09:03:27","modified_gmt":"2022-02-24T09:03:27","slug":"decouvrons-le-temoignage-de-margaux-lebrun-pour-le-dispositif-de-vsi-france-volontaires-togo","status":"publish","type":"post","link":"https:\/\/www.ecoconscience.tv\/decouvrons-le-temoignage-de-margaux-lebrun-pour-le-dispositif-de-vsi-france-volontaires-togo\/","title":{"rendered":"D\u00e9couvrons le t\u00e9moignage de Margaux LEBRUN pour le dispositif de VSI France Volontaires-Togo"},"content":{"rendered":"\n<p class=\"has-vivid-green-cyan-color has-text-color\">#EcoConscienceTV <\/p>\n\n\n\n<figure class=\"wp-block-image size-large\"><a href=\"https:\/\/www.ecoconscience.tv\/wp-content\/uploads\/2021\/12\/Margaux-LEBRUN-Portrait.jpg\"><img loading=\"lazy\" width=\"1024\" height=\"858\" src=\"https:\/\/www.ecoconscience.tv\/wp-content\/uploads\/2021\/12\/Margaux-LEBRUN-Portrait-1024x858.jpg\" alt=\"\" class=\"wp-image-9480\" srcset=\"https:\/\/www.ecoconscience.tv\/wp-content\/uploads\/2021\/12\/Margaux-LEBRUN-Portrait-1024x858.jpg 1024w, https:\/\/www.ecoconscience.tv\/wp-content\/uploads\/2021\/12\/Margaux-LEBRUN-Portrait-300x251.jpg 300w, https:\/\/www.ecoconscience.tv\/wp-content\/uploads\/2021\/12\/Margaux-LEBRUN-Portrait-768x644.jpg 768w, https:\/\/www.ecoconscience.tv\/wp-content\/uploads\/2021\/12\/Margaux-LEBRUN-Portrait-1536x1287.jpg 1536w, https:\/\/www.ecoconscience.tv\/wp-content\/uploads\/2021\/12\/Margaux-LEBRUN-Portrait-2048x1717.jpg 2048w\" sizes=\"(max-width: 1024px) 100vw, 1024px\" \/><\/a><figcaption><em><span class=\"has-inline-color has-vivid-cyan-blue-color\">Margaux LEBRUN, VSI<\/span><\/em><\/figcaption><\/figure>\n\n\n\n<p>Apr\u00e8s un volontariat de l&rsquo;EU AID Volonteers, Margaux LEBRUN est d\u00e9ploy\u00e9e en tant que <a href=\"https:\/\/www.france-volontaires.org\/avant-le-volontariat\/les-differents-volontariats\/le-volontariat-de-solidarite-internationale-vsi\/\">Volontaire de Solidarit\u00e9 Internationale (VSI)<\/a> \u00e0 l&rsquo;<a href=\"https:\/\/www.asso-seves.org\/\">ONG SEVES<\/a> (Syst\u00e8mes \u00c9conomiquement Viables pour l&rsquo;Eau aux Suds). Dans son t\u00e9moignage, elle partage avec nous ses exp\u00e9riences.<\/p>\n\n\n\n<p>Envie d\u2019\u00eatre future VSI, ici dans cette vid\u00e9o, Margaux te donne un petit conseil????Suivons plut\u00f4t&#8230;<\/p>\n\n\n\n<p>#volontariatinternational #JVF2021<\/p>\n","protected":false},"excerpt":{"rendered":"<p>#EcoConscienceTV Apr\u00e8s un volontariat de l&rsquo;EU AID Volonteers, Margaux LEBRUN est d\u00e9ploy\u00e9e en tant que Volontaire de Solidarit\u00e9 Internationale (VSI) \u00e0 l&rsquo;ONG SEVES (Syst\u00e8mes \u00c9conomiquement Viables pour l&rsquo;Eau aux Suds). Dans son t\u00e9moignage, elle partage avec nous ses exp\u00e9riences. Envie d\u2019\u00eatre future VSI, ici dans cette vid\u00e9o, Margaux te donne un petit conseil????Suivons plut\u00f4t&#8230; #volontariatinternational [&hellip;]<\/p>\n","protected":false},"author":2,"featured_media":9481,"comment_status":"open","ping_status":"open","sticky":false,"template":"","format":"standard","meta":{"ec_post_video":"https:\/\/www.youtube.com\/watch?v=c1n8ziRaeb4"},"categories":[372,3],"tags":[2036,119,2035,912],"odd":[657],"_links":{"self":[{"href":"https:\/\/www.ecoconscience.tv\/api\/wp\/v2\/posts\/9479"}],"collection":[{"href":"https:\/\/www.ecoconscience.tv\/api\/wp\/v2\/posts"}],"about":[{"href":"https:\/\/www.ecoconscience.tv\/api\/wp\/v2\/types\/post"}],"author":[{"embeddable":true,"href":"https:\/\/www.ecoconscience.tv\/api\/wp\/v2\/users\/2"}],"replies":[{"embeddable":true,"href":"https:\/\/www.ecoconscience.tv\/api\/wp\/v2\/comments?post=9479"}],"version-history":[{"count":5,"href":"https:\/\/www.ecoconscience.tv\/api\/wp\/v2\/posts\/9479\/revisions"}],"predecessor-version":[{"id":9569,"href":"https:\/\/www.ecoconscience.tv\/api\/wp\/v2\/posts\/9479\/revisions\/9569"}],"wp:featuredmedia":[{"embeddable":true,"href":"https:\/\/www.ecoconscience.tv\/api\/wp\/v2\/media\/9481"}],"wp:attachment":[{"href":"https:\/\/www.ecoconscience.tv\/api\/wp\/v2\/media?parent=9479"}],"wp:term":[{"taxonomy":"category","embeddable":true,"href":"https:\/\/www.ecoconscience.tv\/api\/wp\/v2\/categories?post=9479"},{"taxonomy":"post_tag","embeddable":true,"href":"https:\/\/www.ecoconscience.tv\/api\/wp\/v2\/tags?post=9479"},{"taxonomy":"odd","embeddable":true,"href":"https:\/\/www.ecoconscience.tv\/api\/wp\/v2\/odd?post=9479"}],"curies":[{"name":"wp","href":"https:\/\/api.w.org\/{rel}","templated":true}]}}