{"id":9466,"date":"2021-12-13T15:06:04","date_gmt":"2021-12-13T15:06:04","guid":{"rendered":"https:\/\/www.ecoconscience.tv\/?p=9466"},"modified":"2021-12-13T17:23:46","modified_gmt":"2021-12-13T17:23:46","slug":"retour-sur-lemission-au-coeur-de-la-nation-journee-du-volontariat-francais-jvf-2021","status":"publish","type":"post","link":"https:\/\/www.ecoconscience.tv\/retour-sur-lemission-au-coeur-de-la-nation-journee-du-volontariat-francais-jvf-2021\/","title":{"rendered":"Retour sur l\u2019\u00e9mission AU COEUR DE LA NATION : Journ\u00e9e du Volontariat Fran\u00e7ais (JVF) 2021"},"content":{"rendered":"\n<p class=\"has-vivid-green-cyan-color has-text-color\"><a href=\"https:\/\/www.youtube.com\/hashtag\/ecoconsciencetv\">#EcoConscienceTV<\/a> <\/p>\n\n\n\n<figure class=\"wp-block-image size-full\"><a href=\"https:\/\/www.ecoconscience.tv\/wp-content\/uploads\/2021\/12\/unnamed-512x349.jpg\"><img loading=\"lazy\" width=\"512\" height=\"349\" src=\"https:\/\/www.ecoconscience.tv\/wp-content\/uploads\/2021\/12\/unnamed-512x349.jpg\" alt=\"\" class=\"wp-image-9468\" srcset=\"https:\/\/www.ecoconscience.tv\/wp-content\/uploads\/2021\/12\/unnamed-512x349.jpg 512w, https:\/\/www.ecoconscience.tv\/wp-content\/uploads\/2021\/12\/unnamed-300x204.jpg 300w\" sizes=\"(max-width: 512px) 100vw, 512px\" \/><\/a><\/figure>\n\n\n\n<p class=\"has-black-color has-text-color\"><strong>Nous vous proposons la rediffusion de l&rsquo;Emission AU COEUR DE LA NATION le num\u00e9ro du 1er d\u00e9cembre 2021 qui a port\u00e9 sur la c\u00e9l\u00e9bration de la Journ\u00e9e du Volontariat Fran\u00e7ais (JVF). Cette ann\u00e9e, la JVF \u00e9tait donc une excellente opportunit\u00e9 de mettre en lumi\u00e8re les contributions des volontaires \u00e0 la riposte contre la crise sanitaire au Togo. C\u2019est pourquoi cette \u00e9dition s\u2019est d\u00e9roul\u00e9e sous le th\u00e8me central de la JVF2021 : \u00ab Les volontaires au c\u0153ur de la lutte contre la COVID-19 : faire ensemble pour un mieux-vivre dans une soci\u00e9t\u00e9 plus r\u00e9siliente et juste \u00bb. <\/strong><\/p>\n\n\n\n<p><a href=\"https:\/\/www.france-volontaires.org\/dans-le-monde\/togo\/france-volontaires-au-togo\/\">France Volontaires<\/a>, la plateforme fran\u00e7aise du volontariat international d\u2019\u00e9change et de solidarit\u00e9, organise chaque ann\u00e9e au mois d\u2019octobre, \u00e0 travers ses 23 Espaces Volontariats pr\u00e9sents dans le monde, <a href=\"https:\/\/www.france-volontaires.org\/actualites\/octobre-2021-au-rythme-des-journees-du-volontariat-francais-a-linternational\/\">la Journ\u00e9e du Volontariat Fran\u00e7ais (JVF)<\/a>.<br>Cette Journ\u00e9e est l\u2019\u00e9v\u00e9nement phare annuel de France Volontaires et de ses Espaces Volontariats, car elle est l\u2019occasion de valoriser et de promouvoir l\u2019engagement des volontaires impliqu\u00e9.es dans des missions de solidarit\u00e9 internationale dans diff\u00e9rents domaines (social, environnement, \u00e9ducation, coop\u00e9ration d\u00e9centralis\u00e9e, actions de jeunesse, BTP, communication) et de rencontrer et r\u00e9unir les acteurs institutionnels et associatifs du volontariat (structures d\u2019accueil, d\u2019envoi, partenaires et volontaires fran\u00e7ais.s.<\/p>\n\n\n\n<p>Pr\u00e9sent\u00e9e par Mme Anita ATIGAKU, l\u2019\u00e9mission a accueilli sur son plateau, Mr Moussa BAH, repr\u00e9sentant national de France Volontaires Togo ; Mme Sonia DOSSEH, directrice ex\u00e9cutive de l\u2019ONG CAFE (Centre d\u2019Aide Femme \u2013 Enfant) ; Mr Kevin FIASHINOU, directeur ex\u00e9cutif de l\u2019association H\u00e4lsa International ; Margaux LEBRUN, Volontaire de Solidarit\u00e9 Internationale \u00e0 l\u2019ONG SEVES (Syst\u00e8mes Economiquement Viables pour l\u2019Eau aux Suds) et Victor Koissi ADJIVENA, volontaire aupr\u00e8s de l\u2019association NADDAF (Nouvelles Alternatives pour le D\u00e9veloppement Durable en Afrique). <\/p>\n\n\n\n<p>L\u2019\u00e9mission a \u00e9t\u00e9 l\u2019occasion de revenir sur le <a href=\"https:\/\/www.france-volontaires.org\/nos-actions\/eu-aid-volunteers\/avenir\/\">Projet AVENIR (Action des Volontaires Europ\u00e9ens et Nationaux Investis pour la R\u00e9silience)<\/a>, qui a d\u00fb adapter ses activit\u00e9s \u00e0 l\u2019av\u00e8nement de la pand\u00e9mie en 2020, mais aussi de recueillir les discours de Mme l\u2019Ambassadrice de France au Togo, de Mme la Ministre togolaise du D\u00e9veloppement \u00e0 la Base, de la Jeunesse et de l\u2019emploi. Lors de l\u2019\u00e9mission, des reportages, r\u00e9alis\u00e9s \u00e0 Sokod\u00e9 et \u00e0 Elavagnon dans deux centre m\u00e9dicaux accueillant des volontaires fran\u00e7ais.es qui ont \u00e9t\u00e9 au c\u0153ur de la riposte \u00e0 la crise Covid-19, ont \u00e9t\u00e9 diffus\u00e9s. <\/p>\n\n\n\n<p>Voici l&rsquo;int\u00e9gralit\u00e9 de l&rsquo;\u00e9mission&#8230; <\/p>\n\n\n\n<p><em>R\u00e9daction.<\/em><\/p>\n","protected":false},"excerpt":{"rendered":"<p>#EcoConscienceTV Nous vous proposons la rediffusion de l&rsquo;Emission AU COEUR DE LA NATION le num\u00e9ro du 1er d\u00e9cembre 2021 qui a port\u00e9 sur la c\u00e9l\u00e9bration de la Journ\u00e9e du Volontariat Fran\u00e7ais (JVF). Cette ann\u00e9e, la JVF \u00e9tait donc une excellente opportunit\u00e9 de mettre en lumi\u00e8re les contributions des volontaires \u00e0 la riposte contre la crise [&hellip;]<\/p>\n","protected":false},"author":2,"featured_media":9467,"comment_status":"open","ping_status":"open","sticky":false,"template":"","format":"standard","meta":{"ec_post_video":"https:\/\/www.youtube.com\/watch?v=wfBWfjwony0&list=PLM-SaYMM7flsU64silvzU3mPOsL7gmpX-&index=4"},"categories":[372],"tags":[2028,2026,2027,2029,2030,2031,912],"odd":[615],"_links":{"self":[{"href":"https:\/\/www.ecoconscience.tv\/api\/wp\/v2\/posts\/9466"}],"collection":[{"href":"https:\/\/www.ecoconscience.tv\/api\/wp\/v2\/posts"}],"about":[{"href":"https:\/\/www.ecoconscience.tv\/api\/wp\/v2\/types\/post"}],"author":[{"embeddable":true,"href":"https:\/\/www.ecoconscience.tv\/api\/wp\/v2\/users\/2"}],"replies":[{"embeddable":true,"href":"https:\/\/www.ecoconscience.tv\/api\/wp\/v2\/comments?post=9466"}],"version-history":[{"count":5,"href":"https:\/\/www.ecoconscience.tv\/api\/wp\/v2\/posts\/9466\/revisions"}],"predecessor-version":[{"id":9473,"href":"https:\/\/www.ecoconscience.tv\/api\/wp\/v2\/posts\/9466\/revisions\/9473"}],"wp:featuredmedia":[{"embeddable":true,"href":"https:\/\/www.ecoconscience.tv\/api\/wp\/v2\/media\/9467"}],"wp:attachment":[{"href":"https:\/\/www.ecoconscience.tv\/api\/wp\/v2\/media?parent=9466"}],"wp:term":[{"taxonomy":"category","embeddable":true,"href":"https:\/\/www.ecoconscience.tv\/api\/wp\/v2\/categories?post=9466"},{"taxonomy":"post_tag","embeddable":true,"href":"https:\/\/www.ecoconscience.tv\/api\/wp\/v2\/tags?post=9466"},{"taxonomy":"odd","embeddable":true,"href":"https:\/\/www.ecoconscience.tv\/api\/wp\/v2\/odd?post=9466"}],"curies":[{"name":"wp","href":"https:\/\/api.w.org\/{rel}","templated":true}]}}