{"id":9426,"date":"2021-11-26T10:25:01","date_gmt":"2021-11-26T10:25:01","guid":{"rendered":"https:\/\/www.ecoconscience.tv\/?p=9426"},"modified":"2022-02-23T09:09:03","modified_gmt":"2022-02-23T09:09:03","slug":"le-togo-et-lafd-au-front-face-aux-defis-environnementaux","status":"publish","type":"post","link":"https:\/\/www.ecoconscience.tv\/le-togo-et-lafd-au-front-face-aux-defis-environnementaux\/","title":{"rendered":"Le Togo et l&rsquo;AFD au front face aux d\u00e9fis environnementaux"},"content":{"rendered":"\n<p class=\"has-vivid-green-cyan-color has-text-color\"><a href=\"https:\/\/www.youtube.com\/hashtag\/ecoconsciencetv\">#EcoConscienceTV<\/a> <\/p>\n\n\n\n<p>En visite de 2 jours au Togo, le Directeur G\u00e9n\u00e9ral de l&rsquo;<a href=\"https:\/\/www.afd.fr\/fr\">Agence fran\u00e7aise de d\u00e9veloppement<\/a>, M.R\u00e9my Rioux, accompagn\u00e9 de son coll\u00e8gue de l&rsquo;<a href=\"https:\/\/www.expertisefrance.fr\/\">Expertise France<\/a>, M.J\u00e9r\u00e9mie Pellet, ont r\u00e9it\u00e9r\u00e9 l&rsquo;engagement de leurs institutions aux cot\u00e9s de l\u2019\u00c9tat togolais lors d&rsquo;une conf\u00e9rence de presse tenue ce 25 novembre 2021 \u00e0 Lom\u00e9. Entre autres priorit\u00e9s, sur le volet environnemental, l&rsquo;AFD renforce son appui au Togo et la coop\u00e9ration portera \u00e9galement sur l&rsquo;accompagnement du processus de d\u00e9centralisation en cours au Togo. <\/p>\n\n\n\n<p>Lors de cette rencontre avec la presse, un accord de partenariat a \u00e9t\u00e9 sign\u00e9 lan\u00e7ant le Programme \u00ab\u00a0\u00c9changes Talent Diaspora\u00a0\u00bb. Une nouvelle initiative qui permettra \u00e0 la Diaspora Togolaise de pleinement contribuer au d\u00e9veloppement du pays. <\/p>\n\n\n\n<p>Plus de d\u00e9tails dans ce compte rendu. <\/p>\n\n\n\n<p class=\"has-vivid-green-cyan-color has-text-color\"><a href=\"https:\/\/www.facebook.com\/RolandeDjatougbeAziaka\/\">R. A<\/a><\/p>\n","protected":false},"excerpt":{"rendered":"<p>#EcoConscienceTV En visite de 2 jours au Togo, le Directeur G\u00e9n\u00e9ral de l&rsquo;Agence fran\u00e7aise de d\u00e9veloppement, M.R\u00e9my Rioux, accompagn\u00e9 de son coll\u00e8gue de l&rsquo;Expertise France, M.J\u00e9r\u00e9mie Pellet, ont r\u00e9it\u00e9r\u00e9 l&rsquo;engagement de leurs institutions aux cot\u00e9s de l\u2019\u00c9tat togolais lors d&rsquo;une conf\u00e9rence de presse tenue ce 25 novembre 2021 \u00e0 Lom\u00e9. Entre autres priorit\u00e9s, sur le [&hellip;]<\/p>\n","protected":false},"author":2,"featured_media":9427,"comment_status":"open","ping_status":"open","sticky":false,"template":"","format":"standard","meta":{"ec_post_video":"https:\/\/www.youtube.com\/watch?v=8BYvgnmbS-o"},"categories":[372,2],"tags":[2009,1798,2010,2011,2008],"odd":[615],"_links":{"self":[{"href":"https:\/\/www.ecoconscience.tv\/api\/wp\/v2\/posts\/9426"}],"collection":[{"href":"https:\/\/www.ecoconscience.tv\/api\/wp\/v2\/posts"}],"about":[{"href":"https:\/\/www.ecoconscience.tv\/api\/wp\/v2\/types\/post"}],"author":[{"embeddable":true,"href":"https:\/\/www.ecoconscience.tv\/api\/wp\/v2\/users\/2"}],"replies":[{"embeddable":true,"href":"https:\/\/www.ecoconscience.tv\/api\/wp\/v2\/comments?post=9426"}],"version-history":[{"count":3,"href":"https:\/\/www.ecoconscience.tv\/api\/wp\/v2\/posts\/9426\/revisions"}],"predecessor-version":[{"id":9551,"href":"https:\/\/www.ecoconscience.tv\/api\/wp\/v2\/posts\/9426\/revisions\/9551"}],"wp:featuredmedia":[{"embeddable":true,"href":"https:\/\/www.ecoconscience.tv\/api\/wp\/v2\/media\/9427"}],"wp:attachment":[{"href":"https:\/\/www.ecoconscience.tv\/api\/wp\/v2\/media?parent=9426"}],"wp:term":[{"taxonomy":"category","embeddable":true,"href":"https:\/\/www.ecoconscience.tv\/api\/wp\/v2\/categories?post=9426"},{"taxonomy":"post_tag","embeddable":true,"href":"https:\/\/www.ecoconscience.tv\/api\/wp\/v2\/tags?post=9426"},{"taxonomy":"odd","embeddable":true,"href":"https:\/\/www.ecoconscience.tv\/api\/wp\/v2\/odd?post=9426"}],"curies":[{"name":"wp","href":"https:\/\/api.w.org\/{rel}","templated":true}]}}