{"id":929,"date":"2016-11-10T08:57:06","date_gmt":"2016-11-10T07:57:06","guid":{"rendered":"https:\/\/www.ecoconscience.tv\/?p=929"},"modified":"2016-11-10T08:59:02","modified_gmt":"2016-11-10T07:59:02","slug":"victoire-de-donald-trump-reactions-depuis-la-cop22","status":"publish","type":"post","link":"https:\/\/www.ecoconscience.tv\/victoire-de-donald-trump-reactions-depuis-la-cop22\/","title":{"rendered":"Victoire de Donald Trump : R\u00e9actions depuis la COP22"},"content":{"rendered":"<p style=\"text-align: justify;\">Le sujet a \u00e9t\u00e9 sur toutes \u00e0 la COP22, ce 9 novembre : la victoire de Donald Trump \u00e0 l&rsquo;\u00e9lection pr\u00e9sidentielle am\u00e9ricaine 2016.<\/p>\n<p style=\"text-align: justify;\">Partout sur le site de la COP22 \u00e0 Marrkech, dans les groupes, dans les couloires, les \u00e9changes sur cette victoire a fait la UNE. Chaque d\u00e9legation pr\u00e9sente a sa propre position, surtout sur ce que va devenir l&rsquo;Accord de Paris avec Donald Trump \u00e0 la Maison Blanche.<\/p>\n<p style=\"text-align: justify;\">R\u00e9actions de quelques d\u00e9l\u00e9gu\u00e9s devant nos miros&#8230;<\/p>\n<p style=\"text-align: justify;\"><strong><span style=\"color: #008000;\">ECO CONSCIENCE TV<\/span><\/strong><\/p>\n","protected":false},"excerpt":{"rendered":"<p>Le sujet a \u00e9t\u00e9 sur toutes \u00e0 la COP22, ce 9 novembre : la victoire de Donald Trump \u00e0 l&rsquo;\u00e9lection pr\u00e9sidentielle am\u00e9ricaine 2016. Partout sur le site de la COP22 \u00e0 Marrkech, dans les groupes, dans les couloires, les \u00e9changes sur cette victoire a fait la UNE. Chaque d\u00e9legation pr\u00e9sente a sa propre position, surtout [&hellip;]<\/p>\n","protected":false},"author":2,"featured_media":934,"comment_status":"open","ping_status":"open","sticky":false,"template":"","format":"video","meta":{"ec_post_video":""},"categories":[372],"tags":[302,355,353,354],"odd":[],"_links":{"self":[{"href":"https:\/\/www.ecoconscience.tv\/api\/wp\/v2\/posts\/929"}],"collection":[{"href":"https:\/\/www.ecoconscience.tv\/api\/wp\/v2\/posts"}],"about":[{"href":"https:\/\/www.ecoconscience.tv\/api\/wp\/v2\/types\/post"}],"author":[{"embeddable":true,"href":"https:\/\/www.ecoconscience.tv\/api\/wp\/v2\/users\/2"}],"replies":[{"embeddable":true,"href":"https:\/\/www.ecoconscience.tv\/api\/wp\/v2\/comments?post=929"}],"version-history":[{"count":3,"href":"https:\/\/www.ecoconscience.tv\/api\/wp\/v2\/posts\/929\/revisions"}],"predecessor-version":[{"id":935,"href":"https:\/\/www.ecoconscience.tv\/api\/wp\/v2\/posts\/929\/revisions\/935"}],"wp:featuredmedia":[{"embeddable":true,"href":"https:\/\/www.ecoconscience.tv\/api\/wp\/v2\/media\/934"}],"wp:attachment":[{"href":"https:\/\/www.ecoconscience.tv\/api\/wp\/v2\/media?parent=929"}],"wp:term":[{"taxonomy":"category","embeddable":true,"href":"https:\/\/www.ecoconscience.tv\/api\/wp\/v2\/categories?post=929"},{"taxonomy":"post_tag","embeddable":true,"href":"https:\/\/www.ecoconscience.tv\/api\/wp\/v2\/tags?post=929"},{"taxonomy":"odd","embeddable":true,"href":"https:\/\/www.ecoconscience.tv\/api\/wp\/v2\/odd?post=929"}],"curies":[{"name":"wp","href":"https:\/\/api.w.org\/{rel}","templated":true}]}}