{"id":926,"date":"2016-11-08T14:09:00","date_gmt":"2016-11-08T13:09:00","guid":{"rendered":"https:\/\/www.ecoconscience.tv\/?p=926"},"modified":"2016-11-08T14:15:04","modified_gmt":"2016-11-08T13:15:04","slug":"cop22-lagenda-global-de-laction-officiellement-lance","status":"publish","type":"post","link":"https:\/\/www.ecoconscience.tv\/cop22-lagenda-global-de-laction-officiellement-lance\/","title":{"rendered":"COP22 : L\u2019Agenda Global de l\u2019Action officiellement lanc\u00e9"},"content":{"rendered":"<p style=\"text-align: justify;\"><span style=\"color: #808080;\">Les activit\u00e9s inscrites de la COP22 se poursuivent. Ce mardi 8 novembre, deuxi\u00e8me jour de cette COP, l\u2019<span style=\"color: #008000;\"><a style=\"color: #008000;\" href=\"http:\/\/newsroom.unfccc.int\/climate-action\/global-climate-action-agenda\/\" target=\"_blank\">Agenda Global de l\u2019Action<\/a><\/span> est officiellement lanc\u00e9 par \u00a0la ministre en charge de l\u2019Environnement, Hakima El Hait\u00e9, et <span style=\"color: #008000;\"><a style=\"color: #008000;\" href=\"https:\/\/fr.wikipedia.org\/wiki\/Laurence_Tubiana\" target=\"_blank\">Laurence Tubiana<\/a><\/span>, ambassadrice charg\u00e9e des n\u00e9gociations sur le changement climatique et repr\u00e9sentante sp\u00e9ciale de la COP21, lors d\u2019une conf\u00e9rence de presse.<\/span><\/p>\n<p style=\"text-align: justify;\">Au menu, diff\u00e9rentes actions sont programm\u00e9es, notamment 209 conf\u00e9rences sectorielles, 150 intervenants et 1 000 participants, dont certains repr\u00e9sentent les entreprises internationales et d\u2019autres les acteurs gouvernementaux et non \u00e9tatiques.<\/p>\n<p style=\"text-align: justify;\">Egalement a \u00e9t\u00e9 annonc\u00e9e la tenue \u00e0 Marrakech pr\u00e8s de 20 conf\u00e9rences sectorielles avec l\u2019intervention de plus de 150 personnalit\u00e9s repr\u00e9sentant notamment les acteurs non-gouvernementaux.<\/p>\n<p style=\"text-align: justify;\">Pour Laurence Tubiana, l\u2019objectif est de \u00a0\u00ab Faire le lien entre ces acteurs \u00e9conomiques et l\u2019engagement pour le climat \u00bb. Dans ses explications, l\u2019ambassadrice a mis l\u2019accent sur la n\u00e9cessit\u00e9 d\u2019acc\u00e9l\u00e9rer l\u2019action pour une grande transformation, notant que 2020 reste une date d\u00e9cisive pour le climat. \u00abD\u00e9sormais, il faut savoir o\u00f9 on se tient et poursuivre la dynamique\u00bb, a-t-elle soulign\u00e9.<\/p>\n<p style=\"text-align: justify;\">Car selon cette derni\u00e8re, \u00ab le d\u00e9but et la fin de la COP22 rel\u00e8vent de la responsabilit\u00e9 des acteurs mais nous sommes l\u00e0 pour les supporter, les soutenir et les motiver pour ouvrir le d\u00e9bat au sein de soci\u00e9t\u00e9s. Les membres de la communaut\u00e9 internationale doivent s\u2019entraider et cr\u00e9er de l\u2019optimisme dans le cadre de cette lutte\u00bb.<\/p>\n<p style=\"text-align: justify;\">M\u00eame son de cloche de la part de la ministre charg\u00e9e de l\u2019Environnement, Hakima El Hait\u00e9, qui indique que l\u2019heure n\u2019est plus aux d\u00e9classions mais de l\u2019action. \u00abLe monde n\u2019attend plus des d\u00e9clarations mais des projets concrets \u00bb, a-t-elle.<\/p>\n<p style=\"text-align: justify;\">Notons que l\u2019Agenda global de l\u2019Action s\u2019articule autour de neuf th\u00e9matiques\u00a0: les for\u00eats, l\u2019eau, les industries et business, la r\u00e9silience des villes, les b\u00e2timents, l\u2019\u00e9nergie, le transport, les oc\u00e9ans et l\u2019agriculture. Il vise \u00e0 accro\u00eetre les ambitions des pays gr\u00e2ce aux acteurs non \u00e9tatiques qui y prendront part et pr\u00e9voit notamment de d\u00e9montrer le progr\u00e8s des initiatives et d\u2019identifier les challenges et les solutions.<\/p>\n<p style=\"text-align: justify;\"><strong><em><span style=\"color: #008000;\">ECO CONSCIENCE TV<\/span><\/em><\/strong><\/p>\n","protected":false},"excerpt":{"rendered":"<p>Les activit\u00e9s inscrites de la COP22 se poursuivent. Ce mardi 8 novembre, deuxi\u00e8me jour de cette COP, l\u2019Agenda Global de l\u2019Action est officiellement lanc\u00e9 par \u00a0la ministre en charge de l\u2019Environnement, Hakima El Hait\u00e9, et Laurence Tubiana, ambassadrice charg\u00e9e des n\u00e9gociations sur le changement climatique et repr\u00e9sentante sp\u00e9ciale de la COP21, lors d\u2019une conf\u00e9rence de [&hellip;]<\/p>\n","protected":false},"author":2,"featured_media":927,"comment_status":"open","ping_status":"open","sticky":false,"template":"","format":"standard","meta":{"ec_post_video":""},"categories":[2],"tags":[11,302],"odd":[],"_links":{"self":[{"href":"https:\/\/www.ecoconscience.tv\/api\/wp\/v2\/posts\/926"}],"collection":[{"href":"https:\/\/www.ecoconscience.tv\/api\/wp\/v2\/posts"}],"about":[{"href":"https:\/\/www.ecoconscience.tv\/api\/wp\/v2\/types\/post"}],"author":[{"embeddable":true,"href":"https:\/\/www.ecoconscience.tv\/api\/wp\/v2\/users\/2"}],"replies":[{"embeddable":true,"href":"https:\/\/www.ecoconscience.tv\/api\/wp\/v2\/comments?post=926"}],"version-history":[{"count":1,"href":"https:\/\/www.ecoconscience.tv\/api\/wp\/v2\/posts\/926\/revisions"}],"predecessor-version":[{"id":928,"href":"https:\/\/www.ecoconscience.tv\/api\/wp\/v2\/posts\/926\/revisions\/928"}],"wp:featuredmedia":[{"embeddable":true,"href":"https:\/\/www.ecoconscience.tv\/api\/wp\/v2\/media\/927"}],"wp:attachment":[{"href":"https:\/\/www.ecoconscience.tv\/api\/wp\/v2\/media?parent=926"}],"wp:term":[{"taxonomy":"category","embeddable":true,"href":"https:\/\/www.ecoconscience.tv\/api\/wp\/v2\/categories?post=926"},{"taxonomy":"post_tag","embeddable":true,"href":"https:\/\/www.ecoconscience.tv\/api\/wp\/v2\/tags?post=926"},{"taxonomy":"odd","embeddable":true,"href":"https:\/\/www.ecoconscience.tv\/api\/wp\/v2\/odd?post=926"}],"curies":[{"name":"wp","href":"https:\/\/api.w.org\/{rel}","templated":true}]}}