{"id":910,"date":"2016-11-08T13:20:16","date_gmt":"2016-11-08T12:20:16","guid":{"rendered":"https:\/\/www.ecoconscience.tv\/?p=910"},"modified":"2016-11-08T13:26:12","modified_gmt":"2016-11-08T12:26:12","slug":"les-moments-forts-et-les-grandes-personnalites-de-la-cop22-en-image","status":"publish","type":"post","link":"https:\/\/www.ecoconscience.tv\/les-moments-forts-et-les-grandes-personnalites-de-la-cop22-en-image\/","title":{"rendered":"Les moments forts et des grandes personnalit\u00e9s de la COP22, 1er jour, en image"},"content":{"rendered":"<figure id=\"attachment_914\" aria-describedby=\"caption-attachment-914\" style=\"width: 300px\" class=\"wp-caption alignleft\"><a href=\"https:\/\/www.ecoconscience.tv\/wp-content\/uploads\/2016\/11\/mmm.jpg\" rel=\"attachment wp-att-914\"><img loading=\"lazy\" class=\"wp-image-914 size-medium\" src=\"https:\/\/www.ecoconscience.tv\/wp-content\/uploads\/2016\/11\/mmm-300x200.jpg\" alt=\"COP22\" width=\"300\" height=\"200\" srcset=\"https:\/\/www.ecoconscience.tv\/wp-content\/uploads\/2016\/11\/mmm-300x200.jpg 300w, https:\/\/www.ecoconscience.tv\/wp-content\/uploads\/2016\/11\/mmm-768x512.jpg 768w, https:\/\/www.ecoconscience.tv\/wp-content\/uploads\/2016\/11\/mmm-1024x683.jpg 1024w, https:\/\/www.ecoconscience.tv\/wp-content\/uploads\/2016\/11\/mmm-696x464.jpg 696w, https:\/\/www.ecoconscience.tv\/wp-content\/uploads\/2016\/11\/mmm-1068x712.jpg 1068w, https:\/\/www.ecoconscience.tv\/wp-content\/uploads\/2016\/11\/mmm-630x420.jpg 630w, https:\/\/www.ecoconscience.tv\/wp-content\/uploads\/2016\/11\/mmm.jpg 1920w\" sizes=\"(max-width: 300px) 100vw, 300px\" \/><\/a><figcaption id=\"caption-attachment-914\" class=\"wp-caption-text\">Les d\u00e9l\u00e9gu\u00e9s en place (source IISD)<\/figcaption><\/figure>\n<figure id=\"attachment_916\" aria-describedby=\"caption-attachment-916\" style=\"width: 300px\" class=\"wp-caption alignleft\"><a href=\"https:\/\/www.ecoconscience.tv\/wp-content\/uploads\/2016\/11\/iiii.jpg\" rel=\"attachment wp-att-916\"><img loading=\"lazy\" class=\"size-medium wp-image-916\" src=\"https:\/\/www.ecoconscience.tv\/wp-content\/uploads\/2016\/11\/iiii-300x200.jpg\" alt=\"Patricia Espinosa, Secr\u00e9taire Ex\u00e9cutive UNFCCC\" width=\"300\" height=\"200\" srcset=\"https:\/\/www.ecoconscience.tv\/wp-content\/uploads\/2016\/11\/iiii-300x200.jpg 300w, https:\/\/www.ecoconscience.tv\/wp-content\/uploads\/2016\/11\/iiii-768x512.jpg 768w, https:\/\/www.ecoconscience.tv\/wp-content\/uploads\/2016\/11\/iiii-1024x683.jpg 1024w, https:\/\/www.ecoconscience.tv\/wp-content\/uploads\/2016\/11\/iiii-696x464.jpg 696w, https:\/\/www.ecoconscience.tv\/wp-content\/uploads\/2016\/11\/iiii-1068x712.jpg 1068w, https:\/\/www.ecoconscience.tv\/wp-content\/uploads\/2016\/11\/iiii-630x420.jpg 630w, https:\/\/www.ecoconscience.tv\/wp-content\/uploads\/2016\/11\/iiii.jpg 1920w\" sizes=\"(max-width: 300px) 100vw, 300px\" \/><\/a><figcaption id=\"caption-attachment-916\" class=\"wp-caption-text\">Patricia Espinosa, Secr\u00e9taire Ex\u00e9cutive UNFCCC (source IISD)<\/figcaption><\/figure>\n<figure id=\"attachment_917\" aria-describedby=\"caption-attachment-917\" style=\"width: 300px\" class=\"wp-caption alignleft\"><a href=\"https:\/\/www.ecoconscience.tv\/wp-content\/uploads\/2016\/11\/8888.jpg\" rel=\"attachment wp-att-917\"><img loading=\"lazy\" class=\"wp-image-917 size-medium\" src=\"https:\/\/www.ecoconscience.tv\/wp-content\/uploads\/2016\/11\/8888-300x160.jpg\" alt=\"COP22\" width=\"300\" height=\"160\" srcset=\"https:\/\/www.ecoconscience.tv\/wp-content\/uploads\/2016\/11\/8888-300x160.jpg 300w, https:\/\/www.ecoconscience.tv\/wp-content\/uploads\/2016\/11\/8888-768x411.jpg 768w, https:\/\/www.ecoconscience.tv\/wp-content\/uploads\/2016\/11\/8888-1024x547.jpg 1024w, https:\/\/www.ecoconscience.tv\/wp-content\/uploads\/2016\/11\/8888.jpg 1824w\" sizes=\"(max-width: 300px) 100vw, 300px\" \/><\/a><figcaption id=\"caption-attachment-917\" class=\"wp-caption-text\">Salaheddine Mezouar, Pr\u00e9sident de la COP22\/CMP12 (Eco Conscience Tv)<\/figcaption><\/figure>\n<figure id=\"attachment_915\" aria-describedby=\"caption-attachment-915\" style=\"width: 300px\" class=\"wp-caption alignleft\"><a href=\"https:\/\/www.ecoconscience.tv\/wp-content\/uploads\/2016\/11\/3K1A6066.jpg\" rel=\"attachment wp-att-915\"><img loading=\"lazy\" class=\"size-medium wp-image-915\" src=\"https:\/\/www.ecoconscience.tv\/wp-content\/uploads\/2016\/11\/3K1A6066-300x200.jpg\" alt=\"Table d'honneur\" width=\"300\" height=\"200\" srcset=\"https:\/\/www.ecoconscience.tv\/wp-content\/uploads\/2016\/11\/3K1A6066-300x200.jpg 300w, https:\/\/www.ecoconscience.tv\/wp-content\/uploads\/2016\/11\/3K1A6066-768x512.jpg 768w, https:\/\/www.ecoconscience.tv\/wp-content\/uploads\/2016\/11\/3K1A6066-1024x683.jpg 1024w, https:\/\/www.ecoconscience.tv\/wp-content\/uploads\/2016\/11\/3K1A6066-696x464.jpg 696w, https:\/\/www.ecoconscience.tv\/wp-content\/uploads\/2016\/11\/3K1A6066-1068x712.jpg 1068w, https:\/\/www.ecoconscience.tv\/wp-content\/uploads\/2016\/11\/3K1A6066-630x420.jpg 630w, https:\/\/www.ecoconscience.tv\/wp-content\/uploads\/2016\/11\/3K1A6066.jpg 1920w\" sizes=\"(max-width: 300px) 100vw, 300px\" \/><\/a><figcaption id=\"caption-attachment-915\" class=\"wp-caption-text\">Table d&rsquo;honneur (source IISD)<\/figcaption><\/figure>\n<figure id=\"attachment_918\" aria-describedby=\"caption-attachment-918\" style=\"width: 300px\" class=\"wp-caption alignleft\"><a href=\"https:\/\/www.ecoconscience.tv\/wp-content\/uploads\/2016\/11\/3K1A6039.jpg\" rel=\"attachment wp-att-918\"><img loading=\"lazy\" class=\"size-medium wp-image-918\" src=\"https:\/\/www.ecoconscience.tv\/wp-content\/uploads\/2016\/11\/3K1A6039-300x200.jpg\" alt=\"S\u00e9gol\u00e8ne Royal, Pr\u00e9sidente de la COP21\" width=\"300\" height=\"200\" srcset=\"https:\/\/www.ecoconscience.tv\/wp-content\/uploads\/2016\/11\/3K1A6039-300x200.jpg 300w, https:\/\/www.ecoconscience.tv\/wp-content\/uploads\/2016\/11\/3K1A6039-768x512.jpg 768w, https:\/\/www.ecoconscience.tv\/wp-content\/uploads\/2016\/11\/3K1A6039-1024x683.jpg 1024w, https:\/\/www.ecoconscience.tv\/wp-content\/uploads\/2016\/11\/3K1A6039-696x464.jpg 696w, https:\/\/www.ecoconscience.tv\/wp-content\/uploads\/2016\/11\/3K1A6039-1068x712.jpg 1068w, https:\/\/www.ecoconscience.tv\/wp-content\/uploads\/2016\/11\/3K1A6039-630x420.jpg 630w, https:\/\/www.ecoconscience.tv\/wp-content\/uploads\/2016\/11\/3K1A6039.jpg 1920w\" sizes=\"(max-width: 300px) 100vw, 300px\" \/><\/a><figcaption id=\"caption-attachment-918\" class=\"wp-caption-text\">S\u00e9gol\u00e8ne Royal, Pr\u00e9sidente de la COP21 (source IISD)<\/figcaption><\/figure>\n<figure id=\"attachment_919\" aria-describedby=\"caption-attachment-919\" style=\"width: 300px\" class=\"wp-caption alignleft\"><a href=\"https:\/\/www.ecoconscience.tv\/wp-content\/uploads\/2016\/11\/3K1A6279.jpg\" rel=\"attachment wp-att-919\"><img loading=\"lazy\" class=\"size-medium wp-image-919\" src=\"https:\/\/www.ecoconscience.tv\/wp-content\/uploads\/2016\/11\/3K1A6279-300x200.jpg\" alt=\"Hoesung Lee, Pr\u00e9sident de GIEC\" width=\"300\" height=\"200\" srcset=\"https:\/\/www.ecoconscience.tv\/wp-content\/uploads\/2016\/11\/3K1A6279-300x200.jpg 300w, https:\/\/www.ecoconscience.tv\/wp-content\/uploads\/2016\/11\/3K1A6279-768x512.jpg 768w, https:\/\/www.ecoconscience.tv\/wp-content\/uploads\/2016\/11\/3K1A6279-1024x683.jpg 1024w, https:\/\/www.ecoconscience.tv\/wp-content\/uploads\/2016\/11\/3K1A6279-696x464.jpg 696w, https:\/\/www.ecoconscience.tv\/wp-content\/uploads\/2016\/11\/3K1A6279-1068x712.jpg 1068w, https:\/\/www.ecoconscience.tv\/wp-content\/uploads\/2016\/11\/3K1A6279-630x420.jpg 630w, https:\/\/www.ecoconscience.tv\/wp-content\/uploads\/2016\/11\/3K1A6279.jpg 1920w\" sizes=\"(max-width: 300px) 100vw, 300px\" \/><\/a><figcaption id=\"caption-attachment-919\" class=\"wp-caption-text\">Hoesung Lee, Pr\u00e9sident de GIEC (source IISD)<\/figcaption><\/figure>\n<figure id=\"attachment_920\" aria-describedby=\"caption-attachment-920\" style=\"width: 300px\" class=\"wp-caption alignleft\"><a href=\"https:\/\/www.ecoconscience.tv\/wp-content\/uploads\/2016\/11\/uuuu.jpg\" rel=\"attachment wp-att-920\"><img loading=\"lazy\" class=\"size-medium wp-image-920\" src=\"https:\/\/www.ecoconscience.tv\/wp-content\/uploads\/2016\/11\/uuuu-300x200.jpg\" alt=\"Mohammed Larbi Belcadi, Maire de Marrakech, Maroc\" width=\"300\" height=\"200\" srcset=\"https:\/\/www.ecoconscience.tv\/wp-content\/uploads\/2016\/11\/uuuu-300x200.jpg 300w, https:\/\/www.ecoconscience.tv\/wp-content\/uploads\/2016\/11\/uuuu-768x512.jpg 768w, https:\/\/www.ecoconscience.tv\/wp-content\/uploads\/2016\/11\/uuuu-1024x683.jpg 1024w, https:\/\/www.ecoconscience.tv\/wp-content\/uploads\/2016\/11\/uuuu-696x464.jpg 696w, https:\/\/www.ecoconscience.tv\/wp-content\/uploads\/2016\/11\/uuuu-1068x712.jpg 1068w, https:\/\/www.ecoconscience.tv\/wp-content\/uploads\/2016\/11\/uuuu-630x420.jpg 630w, https:\/\/www.ecoconscience.tv\/wp-content\/uploads\/2016\/11\/uuuu.jpg 1920w\" sizes=\"(max-width: 300px) 100vw, 300px\" \/><\/a><figcaption id=\"caption-attachment-920\" class=\"wp-caption-text\">Mohammed Larbi Belcadi,<br \/>Maire de Marrakech, Maroc (source IISD)<\/figcaption><\/figure>\n<figure id=\"attachment_921\" aria-describedby=\"caption-attachment-921\" style=\"width: 300px\" class=\"wp-caption alignleft\"><a href=\"https:\/\/www.ecoconscience.tv\/wp-content\/uploads\/2016\/11\/iiiii.jpg\" rel=\"attachment wp-att-921\"><img loading=\"lazy\" class=\"size-medium wp-image-921\" src=\"https:\/\/www.ecoconscience.tv\/wp-content\/uploads\/2016\/11\/iiiii-300x200.jpg\" alt=\"Passade de Pr\u00e9sidence COP21 \u00e0 la Pr\u00e9sidence COP22\" width=\"300\" height=\"200\" srcset=\"https:\/\/www.ecoconscience.tv\/wp-content\/uploads\/2016\/11\/iiiii-300x200.jpg 300w, https:\/\/www.ecoconscience.tv\/wp-content\/uploads\/2016\/11\/iiiii-768x512.jpg 768w, https:\/\/www.ecoconscience.tv\/wp-content\/uploads\/2016\/11\/iiiii-1024x683.jpg 1024w, https:\/\/www.ecoconscience.tv\/wp-content\/uploads\/2016\/11\/iiiii-696x464.jpg 696w, https:\/\/www.ecoconscience.tv\/wp-content\/uploads\/2016\/11\/iiiii-1068x712.jpg 1068w, https:\/\/www.ecoconscience.tv\/wp-content\/uploads\/2016\/11\/iiiii-630x420.jpg 630w, https:\/\/www.ecoconscience.tv\/wp-content\/uploads\/2016\/11\/iiiii.jpg 1920w\" sizes=\"(max-width: 300px) 100vw, 300px\" \/><\/a><figcaption id=\"caption-attachment-921\" class=\"wp-caption-text\">Passage de Pr\u00e9sidence COP21 \u00e0 la Pr\u00e9sidence COP22 (source IISD)<\/figcaption><\/figure>\n","protected":false},"excerpt":{"rendered":"","protected":false},"author":2,"featured_media":911,"comment_status":"open","ping_status":"open","sticky":false,"template":"","format":"standard","meta":{"ec_post_video":""},"categories":[372],"tags":[11,302],"odd":[],"_links":{"self":[{"href":"https:\/\/www.ecoconscience.tv\/api\/wp\/v2\/posts\/910"}],"collection":[{"href":"https:\/\/www.ecoconscience.tv\/api\/wp\/v2\/posts"}],"about":[{"href":"https:\/\/www.ecoconscience.tv\/api\/wp\/v2\/types\/post"}],"author":[{"embeddable":true,"href":"https:\/\/www.ecoconscience.tv\/api\/wp\/v2\/users\/2"}],"replies":[{"embeddable":true,"href":"https:\/\/www.ecoconscience.tv\/api\/wp\/v2\/comments?post=910"}],"version-history":[{"count":3,"href":"https:\/\/www.ecoconscience.tv\/api\/wp\/v2\/posts\/910\/revisions"}],"predecessor-version":[{"id":925,"href":"https:\/\/www.ecoconscience.tv\/api\/wp\/v2\/posts\/910\/revisions\/925"}],"wp:featuredmedia":[{"embeddable":true,"href":"https:\/\/www.ecoconscience.tv\/api\/wp\/v2\/media\/911"}],"wp:attachment":[{"href":"https:\/\/www.ecoconscience.tv\/api\/wp\/v2\/media?parent=910"}],"wp:term":[{"taxonomy":"category","embeddable":true,"href":"https:\/\/www.ecoconscience.tv\/api\/wp\/v2\/categories?post=910"},{"taxonomy":"post_tag","embeddable":true,"href":"https:\/\/www.ecoconscience.tv\/api\/wp\/v2\/tags?post=910"},{"taxonomy":"odd","embeddable":true,"href":"https:\/\/www.ecoconscience.tv\/api\/wp\/v2\/odd?post=910"}],"curies":[{"name":"wp","href":"https:\/\/api.w.org\/{rel}","templated":true}]}}