{"id":8924,"date":"2022-08-20T14:15:00","date_gmt":"2022-08-20T14:15:00","guid":{"rendered":"https:\/\/www.ecoconscience.tv\/?p=8924"},"modified":"2022-08-20T14:26:51","modified_gmt":"2022-08-20T14:26:51","slug":"lome-forum-regional-collectivites-territoriales-en-afrique-au-coeur-de-lambition-climatique","status":"publish","type":"post","link":"https:\/\/www.ecoconscience.tv\/lome-forum-regional-collectivites-territoriales-en-afrique-au-coeur-de-lambition-climatique\/","title":{"rendered":"FLASH BACK &#8211; Forum R\u00e9gional : Collectivit\u00e9s Territoriales en Afrique au c\u0153ur de l&rsquo;ambition climatique"},"content":{"rendered":"\n<p class=\"has-vivid-green-cyan-color has-text-color\"> #EcoConscienceTV <\/p>\n\n\n\n<p> S&rsquo;est d\u00e9roul\u00e9 les 10 et 11 juin 2021 \u00e0 Lom\u00e9, un forum r\u00e9gional sur \u00ab\u00a0<strong>Le renforcement de la R\u00e9silience et augmentation de l&rsquo;Ambition climatique des collectivit\u00e9s territoriales en Afrique<\/strong>\u00ab\u00a0. <\/p>\n\n\n\n<p>Cette rencontre a \u00e9t\u00e9 organis\u00e9e par <a href=\"https:\/\/www.uclga.org\/?lang=fr\">Cit\u00e9s et gouvernements Locaux Unis d&rsquo;Afrique<\/a> en collaboration avec le gouvernement togolais, l&rsquo;UEMOA, la BOAD, le PNUD et <a href=\"https:\/\/www.expertisefrance.fr\/\">Expertise France<\/a>. Il s&rsquo;inscrit dans le cadre des activit\u00e9s de la convention des Maires pour le Climat et l&rsquo;\u00e9nergie en Afrique subsaharienne.<br>Nous vous donnons plus de d\u00e9tails dans ce dossier&#8230;<\/p>\n\n\n\n<p><strong><em>R.A<\/em><\/strong><\/p>\n","protected":false},"excerpt":{"rendered":"<p>#EcoConscienceTV S&rsquo;est d\u00e9roul\u00e9 les 10 et 11 juin 2021 \u00e0 Lom\u00e9, un forum r\u00e9gional sur \u00ab\u00a0Le renforcement de la R\u00e9silience et augmentation de l&rsquo;Ambition climatique des collectivit\u00e9s territoriales en Afrique\u00ab\u00a0. Cette rencontre a \u00e9t\u00e9 organis\u00e9e par Cit\u00e9s et gouvernements Locaux Unis d&rsquo;Afrique en collaboration avec le gouvernement togolais, l&rsquo;UEMOA, la BOAD, le PNUD et Expertise [&hellip;]<\/p>\n","protected":false},"author":2,"featured_media":8925,"comment_status":"open","ping_status":"open","sticky":false,"template":"","format":"standard","meta":{"ec_post_video":"https:\/\/www.youtube.com\/watch?v=DaT74XsNxTk"},"categories":[372,2],"tags":[11,1130,1969],"odd":[603,607],"_links":{"self":[{"href":"https:\/\/www.ecoconscience.tv\/api\/wp\/v2\/posts\/8924"}],"collection":[{"href":"https:\/\/www.ecoconscience.tv\/api\/wp\/v2\/posts"}],"about":[{"href":"https:\/\/www.ecoconscience.tv\/api\/wp\/v2\/types\/post"}],"author":[{"embeddable":true,"href":"https:\/\/www.ecoconscience.tv\/api\/wp\/v2\/users\/2"}],"replies":[{"embeddable":true,"href":"https:\/\/www.ecoconscience.tv\/api\/wp\/v2\/comments?post=8924"}],"version-history":[{"count":8,"href":"https:\/\/www.ecoconscience.tv\/api\/wp\/v2\/posts\/8924\/revisions"}],"predecessor-version":[{"id":9630,"href":"https:\/\/www.ecoconscience.tv\/api\/wp\/v2\/posts\/8924\/revisions\/9630"}],"wp:featuredmedia":[{"embeddable":true,"href":"https:\/\/www.ecoconscience.tv\/api\/wp\/v2\/media\/8925"}],"wp:attachment":[{"href":"https:\/\/www.ecoconscience.tv\/api\/wp\/v2\/media?parent=8924"}],"wp:term":[{"taxonomy":"category","embeddable":true,"href":"https:\/\/www.ecoconscience.tv\/api\/wp\/v2\/categories?post=8924"},{"taxonomy":"post_tag","embeddable":true,"href":"https:\/\/www.ecoconscience.tv\/api\/wp\/v2\/tags?post=8924"},{"taxonomy":"odd","embeddable":true,"href":"https:\/\/www.ecoconscience.tv\/api\/wp\/v2\/odd?post=8924"}],"curies":[{"name":"wp","href":"https:\/\/api.w.org\/{rel}","templated":true}]}}