{"id":8918,"date":"2021-06-09T16:11:42","date_gmt":"2021-06-09T16:11:42","guid":{"rendered":"https:\/\/www.ecoconscience.tv\/?p=8918"},"modified":"2021-06-09T16:14:29","modified_gmt":"2021-06-09T16:14:29","slug":"la-fao-outille-les-bureaux-sous-regionaux-des-8-pays-francophones-sur-la-finance-verte-et-climatique","status":"publish","type":"post","link":"https:\/\/www.ecoconscience.tv\/la-fao-outille-les-bureaux-sous-regionaux-des-8-pays-francophones-sur-la-finance-verte-et-climatique\/","title":{"rendered":"Finance verte et climatique : La FAO outille les bureaux sous r\u00e9gionaux des 8 pays francophones"},"content":{"rendered":"\n<p><a href=\"https:\/\/www.youtube.com\/hashtag\/ecoconsciencetv\">#EcoConscienceTV<\/a> <\/p>\n\n\n\n<p>Ouverte depuis le 7 juin 2021, une formation organis\u00e9e par l&rsquo;organisation des nations Unies pour l&rsquo;alimentation et l&rsquo;agriculture (FAO) regroupe les bureaux sous r\u00e9gionaux et les agences gouvernementales sur la finance verte et climatique : opportunit\u00e9s pour le Fonds vert climat et autres fonds soutenant la restauration des forets et des paysages. Cette formation r\u00e9gionale en format mixte (\u00e0 distance et pr\u00e9sentiel) prendra fin ce 11 juin 2021 et vise essentiellement \u00e0 outiller les participants sur comment d\u00e9velopper des projets fonds vert climat afin de restaurer les paysages forestiers d\u00e9grad\u00e9s. <\/p>\n\n\n\n<p>Plus de pr\u00e9cision dans ce reportage\u2026 <\/p>\n","protected":false},"excerpt":{"rendered":"<p>#EcoConscienceTV Ouverte depuis le 7 juin 2021, une formation organis\u00e9e par l&rsquo;organisation des nations Unies pour l&rsquo;alimentation et l&rsquo;agriculture (FAO) regroupe les bureaux sous r\u00e9gionaux et les agences gouvernementales sur la finance verte et climatique : opportunit\u00e9s pour le Fonds vert climat et autres fonds soutenant la restauration des forets et des paysages. Cette formation [&hellip;]<\/p>\n","protected":false},"author":2,"featured_media":8919,"comment_status":"open","ping_status":"open","sticky":false,"template":"","format":"standard","meta":{"ec_post_video":"https:\/\/www.youtube.com\/watch?v=ZYSDvoXIQgI&list=PLM-SaYMM7flvgNsU_P3gRyiO13eYmYQ07&index=1"},"categories":[372,2],"tags":[1911,1968],"odd":[407],"_links":{"self":[{"href":"https:\/\/www.ecoconscience.tv\/api\/wp\/v2\/posts\/8918"}],"collection":[{"href":"https:\/\/www.ecoconscience.tv\/api\/wp\/v2\/posts"}],"about":[{"href":"https:\/\/www.ecoconscience.tv\/api\/wp\/v2\/types\/post"}],"author":[{"embeddable":true,"href":"https:\/\/www.ecoconscience.tv\/api\/wp\/v2\/users\/2"}],"replies":[{"embeddable":true,"href":"https:\/\/www.ecoconscience.tv\/api\/wp\/v2\/comments?post=8918"}],"version-history":[{"count":4,"href":"https:\/\/www.ecoconscience.tv\/api\/wp\/v2\/posts\/8918\/revisions"}],"predecessor-version":[{"id":8923,"href":"https:\/\/www.ecoconscience.tv\/api\/wp\/v2\/posts\/8918\/revisions\/8923"}],"wp:featuredmedia":[{"embeddable":true,"href":"https:\/\/www.ecoconscience.tv\/api\/wp\/v2\/media\/8919"}],"wp:attachment":[{"href":"https:\/\/www.ecoconscience.tv\/api\/wp\/v2\/media?parent=8918"}],"wp:term":[{"taxonomy":"category","embeddable":true,"href":"https:\/\/www.ecoconscience.tv\/api\/wp\/v2\/categories?post=8918"},{"taxonomy":"post_tag","embeddable":true,"href":"https:\/\/www.ecoconscience.tv\/api\/wp\/v2\/tags?post=8918"},{"taxonomy":"odd","embeddable":true,"href":"https:\/\/www.ecoconscience.tv\/api\/wp\/v2\/odd?post=8918"}],"curies":[{"name":"wp","href":"https:\/\/api.w.org\/{rel}","templated":true}]}}