{"id":8913,"date":"2021-06-08T04:27:09","date_gmt":"2021-06-08T04:27:09","guid":{"rendered":"https:\/\/www.ecoconscience.tv\/?p=8913"},"modified":"2021-07-29T06:44:16","modified_gmt":"2021-07-29T06:44:16","slug":"sensibilisation-journee-de-locean-la-pollution-marine-nepargne-pas-le-togo","status":"publish","type":"post","link":"https:\/\/www.ecoconscience.tv\/sensibilisation-journee-de-locean-la-pollution-marine-nepargne-pas-le-togo\/","title":{"rendered":"Sensibilisation Journ\u00e9e de l&rsquo;oc\u00e9an : la pollution marine n&rsquo;\u00e9pargne pas le Togo"},"content":{"rendered":"\n<p class=\"has-vivid-green-cyan-color has-text-color\"><a href=\"https:\/\/www.youtube.com\/hashtag\/ecoconsciencetv\">#EcoConscienceTV<\/a> <\/p>\n\n\n\n<p class=\"has-pale-cyan-blue-color has-vivid-green-cyan-background-color has-text-color has-background\"><strong>Chaque ann\u00e9e, la<a href=\"https:\/\/unworldoceansday.org\/\"> journ\u00e9e mondiale des oc\u00e9ans est c\u00e9l\u00e9br\u00e9e le 8 Juin<\/a>. Le but de cette journ\u00e9e est de sensibiliser le grand public au r\u00f4le crucial qu\u2019ils jouent dans notre subsistance, ainsi qu\u2019aux diff\u00e9rents moyens qui existent pour les prot\u00e9ger. En cette journ\u00e9e, par cette vid\u00e9o de sensibilisation, nous appelons chaque togolais \u00e0 une prise de conscience \u00e0 l&rsquo;\u00e9gard de notre Oc\u00e9an, la mer togolaise. <\/strong><\/p>\n\n\n\n<p>Elle est une grande richesse. Chacun de nos actes inciviques impactent gravement notre mer. La Pollution marine n&rsquo;\u00e9pargne pas le Togo et nous devons prendre notre responsabilit\u00e9 pour sa gestion durable. Dans cette vid\u00e9o, fruit de partenariat entre Eco Conscience TV et <a href=\"https:\/\/yanicascubaclub.com\/\">Yanica Scuba Club<\/a> au Togo, nous mettons en lumi\u00e8re la mer togolaise en montrant son \u00e9tat et ses merveilles\u2026 <\/p>\n\n\n\n<p><strong>\u00ab L&rsquo;oc\u00e9an : vie et moyen de subsistance \u00bb<\/strong> est le th\u00e8me de la Journ\u00e9e mondiale des oc\u00e9ans de 2021, ainsi qu&rsquo;une d\u00e9claration d&rsquo;intention qui lance une d\u00e9cennie de d\u00e9fis pour atteindre l&rsquo;Objectif de d\u00e9veloppement durable n. 14, c\u2019est \u00e0 dire \u00ab Conserver et utiliser de mani\u00e8re durable les oc\u00e9ans, les mers et les ressources marines \u00bb, d&rsquo;ici \u00e0 2030. Le th\u00e8me de cette ann\u00e9e est particuli\u00e8rement pertinent dans la perspective de la D\u00e9cennie des Nations Unies pour les sciences oc\u00e9aniques au service du d\u00e9veloppement durable, qui se d\u00e9roulera \u00e0 partir de 2021 jusqu\u2019en 2030. <\/p>\n\n\n\n<p>Chaque geste compte pour prot\u00e9ger notre bien commun. <\/p>\n\n\n\n<p><strong><em>Eco Conscience TV, pour des citoyens eco-responsables\u2026<\/em><\/strong><\/p>\n","protected":false},"excerpt":{"rendered":"<p>#EcoConscienceTV Chaque ann\u00e9e, la journ\u00e9e mondiale des oc\u00e9ans est c\u00e9l\u00e9br\u00e9e le 8 Juin. Le but de cette journ\u00e9e est de sensibiliser le grand public au r\u00f4le crucial qu\u2019ils jouent dans notre subsistance, ainsi qu\u2019aux diff\u00e9rents moyens qui existent pour les prot\u00e9ger. En cette journ\u00e9e, par cette vid\u00e9o de sensibilisation, nous appelons chaque togolais \u00e0 une [&hellip;]<\/p>\n","protected":false},"author":2,"featured_media":8915,"comment_status":"open","ping_status":"open","sticky":false,"template":"","format":"standard","meta":{"ec_post_video":"https:\/\/www.youtube.com\/watch?v=iUUcxCJCXMY"},"categories":[372],"tags":[],"odd":[609],"_links":{"self":[{"href":"https:\/\/www.ecoconscience.tv\/api\/wp\/v2\/posts\/8913"}],"collection":[{"href":"https:\/\/www.ecoconscience.tv\/api\/wp\/v2\/posts"}],"about":[{"href":"https:\/\/www.ecoconscience.tv\/api\/wp\/v2\/types\/post"}],"author":[{"embeddable":true,"href":"https:\/\/www.ecoconscience.tv\/api\/wp\/v2\/users\/2"}],"replies":[{"embeddable":true,"href":"https:\/\/www.ecoconscience.tv\/api\/wp\/v2\/comments?post=8913"}],"version-history":[{"count":6,"href":"https:\/\/www.ecoconscience.tv\/api\/wp\/v2\/posts\/8913\/revisions"}],"predecessor-version":[{"id":8980,"href":"https:\/\/www.ecoconscience.tv\/api\/wp\/v2\/posts\/8913\/revisions\/8980"}],"wp:featuredmedia":[{"embeddable":true,"href":"https:\/\/www.ecoconscience.tv\/api\/wp\/v2\/media\/8915"}],"wp:attachment":[{"href":"https:\/\/www.ecoconscience.tv\/api\/wp\/v2\/media?parent=8913"}],"wp:term":[{"taxonomy":"category","embeddable":true,"href":"https:\/\/www.ecoconscience.tv\/api\/wp\/v2\/categories?post=8913"},{"taxonomy":"post_tag","embeddable":true,"href":"https:\/\/www.ecoconscience.tv\/api\/wp\/v2\/tags?post=8913"},{"taxonomy":"odd","embeddable":true,"href":"https:\/\/www.ecoconscience.tv\/api\/wp\/v2\/odd?post=8913"}],"curies":[{"name":"wp","href":"https:\/\/api.w.org\/{rel}","templated":true}]}}