{"id":891,"date":"2016-11-06T23:47:52","date_gmt":"2016-11-06T22:47:52","guid":{"rendered":"https:\/\/www.ecoconscience.tv\/?p=891"},"modified":"2016-11-06T23:49:41","modified_gmt":"2016-11-06T22:49:41","slug":"que-deviendra-laccord-de-paris-si-donald-trump-gagne-grande-question-a-marrakech","status":"publish","type":"post","link":"https:\/\/www.ecoconscience.tv\/que-deviendra-laccord-de-paris-si-donald-trump-gagne-grande-question-a-marrakech\/","title":{"rendered":"Que deviendra l\u2019Accord de Paris, si Donald Trump gagne ? Grande question \u00e0 Marrakech"},"content":{"rendered":"<p style=\"text-align: justify;\"><span style=\"color: #808080;\">La question se pose sur toutes les l\u00e8vres en ce moment \u00e0 Marrakech \u00e0 quelques heures des n\u00e9gociations de la COP22. Que ce soit dans les groupes de d\u00e9l\u00e9gations, des n\u00e9gociateurs, \u00a0lors des grandes r\u00e9unions pr\u00e9paratoires ou dans l\u2019opinion g\u00e9n\u00e9rale. Tous les yeux se tournent vers le vote am\u00e9ricain tr\u00e8s attendu ce 8 novembre aux Etats Unis. Quel candidat dans la bataille \u00e9lectorale actuelle sera \u00e0 la Maison Blanche\u00a0: <a style=\"color: #808080;\" href=\"https:\/\/fr.wikipedia.org\/wiki\/Hillary_Clinton\" target=\"_blank\">Hillary Clinton<\/a> ou <a style=\"color: #808080;\" href=\"https:\/\/fr.wikipedia.org\/wiki\/Donald_Trump\" target=\"_blank\">Donald Trump<\/a>\u00a0?<\/span><\/p>\n<p style=\"text-align: justify;\">Si le vote plaide en faveur de Donald Trump, que va devenir finalement l\u2019Accord de Paris, ratifi\u00e9 par les Etats-Unis et qui vient d\u2019entrer en vigueur\u00a0?<\/p>\n<p style=\"text-align: justify;\">Beaucoup des acteurs approch\u00e9s par <span style=\"color: #008000;\">ECO CONSCIENCE TV<\/span>, pensent que la donne pourrait venir perturber le d\u00e9roulement et les n\u00e9gociations de la COP22. Ils seront serr\u00e9s, \u00a0dans la mesure o\u00f9 \u00a0plusieurs grandes annonces sont attendues \u00e0 Marrakech. Parmi elles, celle d\u2019une politique de d\u00e9carbonisation des \u00c9tats-Unis, un enjeu crucial pour la plan\u00e8te. Le 25 octobre dernier, lors du Conseil atlantique du Centre mondial de l\u2019\u00e9nergie \u00e0 Washington, selon plusieurs agences de presse, \u00a0M. <span style=\"color: #008000;\"><a style=\"color: #008000;\" href=\"http:\/\/www.state.gov\/s\/climate\/\" target=\"_blank\">Jonathan Pershing<\/a><\/span>, le n\u00e9gociateur am\u00e9ricain sur le climat, a annonc\u00e9 qu\u2019un plan serait d\u00e9voil\u00e9 en ce sens \u00e0 l\u2019occasion de cette COP22. Ce plan, d\u2019apr\u00e8s <span style=\"color: #008000;\"><a style=\"color: #008000;\" href=\"https:\/\/www.ifri.org\/fr\/publications\/notes-de-lifri\/notes-de-lifri\/lindustrie-electrique-americaine-defi-de-transition-bas\">une \u00e9tude de l\u2019Institut fran\u00e7ais des relations internationales<\/a><\/span>\u00a0(Ifri), \u00abviendrait appuyer une politique d\u00e9j\u00e0 enclench\u00e9e depuis quelques ann\u00e9es par Barack Obama. La transition \u00e9nerg\u00e9tique voulue par l\u2019actuel locataire de la Maison Blanche\u00a0est d\u00e9j\u00e0 en marche, elle consiste, depuis quelques ann\u00e9es, \u00e0 d\u00e9carboniser l\u2019\u00e9conomie am\u00e9ricaine pour laisser plus\u00a0de place aux \u00e9nergies renouvelables, comme les \u00e9oliennes et le photovolta\u00efque. La diminution des \u00e9missions de CO2 engendr\u00e9e par un tel processus est non-n\u00e9gligeable quand on sait que le secteur de l\u2019\u00e9lectricit\u00e9 aux \u00c9tats-Unis repr\u00e9sente, \u00e0 lui tout seul, plus d\u2019un tiers des \u00e9missions de carbone du pays\u00bb.<\/p>\n<p style=\"text-align: justify;\">\u00ab\u00a0<em>Moi j\u2019avoue, je suis un peu inquiet si Donald Trump acc\u00e8de \u00e0 la Maison Blanche, vu sa position affich\u00e9e sur les questions climatiques lors de sa campagne \u00e9lectorale que nous connaissons tous. L\u2019Accord de Paris connaitra le sort du Protocole de Kyoto quand Georges W. Buch, \u00e0 l\u2019\u00e9poque pr\u00e9sident des USA s\u2019en est retir\u00e9. N\u2019oublions pas que les Etats Unis font partie des 3 grands pays pollueurs du monde.<\/em>\u00bb, a d\u00e9clar\u00e9 un observateur rencontr\u00e9 \u00e0 Marrakech.<\/p>\n","protected":false},"excerpt":{"rendered":"<p>La question se pose sur toutes les l\u00e8vres en ce moment \u00e0 Marrakech \u00e0 quelques heures des n\u00e9gociations de la COP22. Que ce soit dans les groupes de d\u00e9l\u00e9gations, des n\u00e9gociateurs, \u00a0lors des grandes r\u00e9unions pr\u00e9paratoires ou dans l\u2019opinion g\u00e9n\u00e9rale. Tous les yeux se tournent vers le vote am\u00e9ricain tr\u00e8s attendu ce 8 novembre aux [&hellip;]<\/p>\n","protected":false},"author":2,"featured_media":898,"comment_status":"open","ping_status":"open","sticky":false,"template":"","format":"standard","meta":{"ec_post_video":""},"categories":[372],"tags":[11,302,353,354],"odd":[],"_links":{"self":[{"href":"https:\/\/www.ecoconscience.tv\/api\/wp\/v2\/posts\/891"}],"collection":[{"href":"https:\/\/www.ecoconscience.tv\/api\/wp\/v2\/posts"}],"about":[{"href":"https:\/\/www.ecoconscience.tv\/api\/wp\/v2\/types\/post"}],"author":[{"embeddable":true,"href":"https:\/\/www.ecoconscience.tv\/api\/wp\/v2\/users\/2"}],"replies":[{"embeddable":true,"href":"https:\/\/www.ecoconscience.tv\/api\/wp\/v2\/comments?post=891"}],"version-history":[{"count":5,"href":"https:\/\/www.ecoconscience.tv\/api\/wp\/v2\/posts\/891\/revisions"}],"predecessor-version":[{"id":900,"href":"https:\/\/www.ecoconscience.tv\/api\/wp\/v2\/posts\/891\/revisions\/900"}],"wp:featuredmedia":[{"embeddable":true,"href":"https:\/\/www.ecoconscience.tv\/api\/wp\/v2\/media\/898"}],"wp:attachment":[{"href":"https:\/\/www.ecoconscience.tv\/api\/wp\/v2\/media?parent=891"}],"wp:term":[{"taxonomy":"category","embeddable":true,"href":"https:\/\/www.ecoconscience.tv\/api\/wp\/v2\/categories?post=891"},{"taxonomy":"post_tag","embeddable":true,"href":"https:\/\/www.ecoconscience.tv\/api\/wp\/v2\/tags?post=891"},{"taxonomy":"odd","embeddable":true,"href":"https:\/\/www.ecoconscience.tv\/api\/wp\/v2\/odd?post=891"}],"curies":[{"name":"wp","href":"https:\/\/api.w.org\/{rel}","templated":true}]}}