{"id":8901,"date":"2021-05-18T17:29:56","date_gmt":"2021-05-18T17:29:56","guid":{"rendered":"https:\/\/www.ecoconscience.tv\/?p=8901"},"modified":"2021-05-19T09:54:19","modified_gmt":"2021-05-19T09:54:19","slug":"jeune-eleve-utilises-linternet-de-maniere-responsable-pour-ton-education","status":"publish","type":"post","link":"https:\/\/www.ecoconscience.tv\/jeune-eleve-utilises-linternet-de-maniere-responsable-pour-ton-education\/","title":{"rendered":"Jeune \u00e9l\u00e8ve, utilises l&rsquo;internet de mani\u00e8re responsable pour ton \u00e9ducation"},"content":{"rendered":"\n<p class=\"has-text-color has-vivid-green-cyan-color\"><a href=\"https:\/\/www.youtube.com\/hashtag\/ecoconsciencetv\">#EcoConscienceTV<\/a> <\/p>\n\n\n\n<p>Aujourd&rsquo;hui, l&rsquo;internet est un outils de communication indispensable qui contribue au d\u00e9veloppement dans tous les secteurs. Mais comme un couteau \u00e0 double tranchant, s&rsquo;il est mal utilis\u00e9, peut devenir un outils dangereux surtout entre les mains des jeunes.  Afin de d\u2019\u00e9veiller les consciences  \u00e0 l&rsquo;utilisation plus responsable des TIC, une campagne de sensibilisation \u00e0 la citoyennet\u00e9 num\u00e9rique est lanc\u00e9e au Togo par la <a href=\"https:\/\/droitsdelhomme.gouv.tg\/culture-dune-citoyennete-responsable-au-togo-un-manuel-de-formation-a-la-citoyennete-mis-a-la-disposition-des-populations\/\"><strong>Direction <\/strong><\/a><strong><a href=\"https:\/\/droitsdelhomme.gouv.tg\/culture-dune-citoyennete-responsable-au-togo-un-manuel-de-formation-a-la-citoyennete-mis-a-la-disposition-des-populations\/\">de la formation civique<\/a> <\/strong>du <a href=\"https:\/\/droitsdelhomme.gouv.tg\/\"><strong>Minist\u00e8re des Droits de l&rsquo;homme, de la formation \u00e0 la citoyennet\u00e9, des relations avec les institutions de la R\u00e9publique<\/strong><\/a>. <\/p>\n\n\n\n<p>Le coup d&rsquo;envoi de la premi\u00e8re phase qui concerne le milieu scolaire a eu lien le 14 mai dernier au lyc\u00e9e de Tokoin \u00e0 Lom\u00e9.  <\/p>\n\n\n\n<p>Les d\u00e9tails dans ce compte rendu&#8230; <\/p>\n","protected":false},"excerpt":{"rendered":"<p>#EcoConscienceTV Aujourd&rsquo;hui, l&rsquo;internet est un outils de communication indispensable qui contribue au d\u00e9veloppement dans tous les secteurs. Mais comme un couteau \u00e0 double tranchant, s&rsquo;il est mal utilis\u00e9, peut devenir un outils dangereux surtout entre les mains des jeunes. Afin de d\u2019\u00e9veiller les consciences \u00e0 l&rsquo;utilisation plus responsable des TIC, une campagne de sensibilisation \u00e0 [&hellip;]<\/p>\n","protected":false},"author":2,"featured_media":4130,"comment_status":"open","ping_status":"open","sticky":false,"template":"","format":"standard","meta":{"ec_post_video":"https:\/\/www.youtube.com\/watch?v=0cA3XNOuLbc&list=PLM-SaYMM7flvgNsU_P3gRyiO13eYmYQ07&index=1"},"categories":[372],"tags":[1965,1966],"odd":[585],"_links":{"self":[{"href":"https:\/\/www.ecoconscience.tv\/api\/wp\/v2\/posts\/8901"}],"collection":[{"href":"https:\/\/www.ecoconscience.tv\/api\/wp\/v2\/posts"}],"about":[{"href":"https:\/\/www.ecoconscience.tv\/api\/wp\/v2\/types\/post"}],"author":[{"embeddable":true,"href":"https:\/\/www.ecoconscience.tv\/api\/wp\/v2\/users\/2"}],"replies":[{"embeddable":true,"href":"https:\/\/www.ecoconscience.tv\/api\/wp\/v2\/comments?post=8901"}],"version-history":[{"count":7,"href":"https:\/\/www.ecoconscience.tv\/api\/wp\/v2\/posts\/8901\/revisions"}],"predecessor-version":[{"id":8908,"href":"https:\/\/www.ecoconscience.tv\/api\/wp\/v2\/posts\/8901\/revisions\/8908"}],"wp:featuredmedia":[{"embeddable":true,"href":"https:\/\/www.ecoconscience.tv\/api\/wp\/v2\/media\/4130"}],"wp:attachment":[{"href":"https:\/\/www.ecoconscience.tv\/api\/wp\/v2\/media?parent=8901"}],"wp:term":[{"taxonomy":"category","embeddable":true,"href":"https:\/\/www.ecoconscience.tv\/api\/wp\/v2\/categories?post=8901"},{"taxonomy":"post_tag","embeddable":true,"href":"https:\/\/www.ecoconscience.tv\/api\/wp\/v2\/tags?post=8901"},{"taxonomy":"odd","embeddable":true,"href":"https:\/\/www.ecoconscience.tv\/api\/wp\/v2\/odd?post=8901"}],"curies":[{"name":"wp","href":"https:\/\/api.w.org\/{rel}","templated":true}]}}