{"id":8888,"date":"2021-04-22T12:45:06","date_gmt":"2021-04-22T12:45:06","guid":{"rendered":"https:\/\/www.ecoconscience.tv\/?p=8888"},"modified":"2021-04-22T13:12:53","modified_gmt":"2021-04-22T13:12:53","slug":"sommet-des-dirigeants-sur-le-climat-officiellement-ouvert-par-joe-biden-president-des-usa","status":"publish","type":"post","link":"https:\/\/www.ecoconscience.tv\/sommet-des-dirigeants-sur-le-climat-officiellement-ouvert-par-joe-biden-president-des-usa\/","title":{"rendered":"Sommet des dirigeants sur le climat officiellement ouvert par Joe Biden, Pr\u00e9sident des USA"},"content":{"rendered":"\n<figure class=\"wp-block-embed-youtube wp-block-embed is-type-video is-provider-youtube wp-embed-aspect-16-9 wp-has-aspect-ratio\"><div class=\"wp-block-embed__wrapper\">\n<iframe loading=\"lazy\" title=\"[FR] Leaders Summit on Climate - Jour 1\" width=\"800\" height=\"450\" src=\"https:\/\/www.youtube.com\/embed\/aykw5cILYck?feature=oembed\" frameborder=\"0\" allow=\"accelerometer; autoplay; clipboard-write; encrypted-media; gyroscope; picture-in-picture\" allowfullscreen><\/iframe>\n<\/div><\/figure>\n\n\n\n<p>  <a href=\"https:\/\/www.facebook.com\/hashtag\/leadersclimatesummit?__eep__=6&amp;__cft__[0]=AZVcoHREJPnCpGSy3t9-BlKSuKJ6dL8aIy12snYElMS0Cbusc4GSyADQJqugF3lgQcS_GrQbksNZPaFqHnkhhdJyBLjfs2A3M7QLu0cKyLkCut8DhuLmaQq7DdXbKERO-w-1PKzh7cS2I6MdkOhtvZgM&amp;__tn__=*NK-R\">LeadersClimateSummit<\/a>  <\/p>\n\n\n\n<p>  Ces 22 et 23 avril 2021, se tient le sommet virtuel des dirigeants sur le <a href=\"https:\/\/www.facebook.com\/hashtag\/climat?__eep__=6&amp;__cft__[0]=AZU95j4xjPDnuhNIp3O1Dlkk9l8UZxQESKuVHkQVyy5SvPQrNVRhUbXPoxCnA828WDT1bGmmhR0iMc3CKg4uQoX3TkhaGCqUqmxRppaDOQ2uulEXBeyl3wkLI4TZqauxI4Y&amp;__tn__=*NK-R\">#climat<\/a> qu&rsquo;organisent les Etats-Unis d\u2019Am\u00e9rique. Un sommet auquel le pr\u00e9sident am\u00e9ricain <a href=\"https:\/\/www.facebook.com\/hashtag\/biden?__eep__=6&amp;__cft__[0]=AZU95j4xjPDnuhNIp3O1Dlkk9l8UZxQESKuVHkQVyy5SvPQrNVRhUbXPoxCnA828WDT1bGmmhR0iMc3CKg4uQoX3TkhaGCqUqmxRppaDOQ2uulEXBeyl3wkLI4TZqauxI4Y&amp;__tn__=*NK-R\">#Biden<\/a> a invit\u00e9 plus de 40 dirigeants mondiaux.  <\/p>\n\n\n\n<p>LIVE : Dans son discours d\u2019ouverture, le Pr\u00e9sident Biden annonce l&rsquo;engagement des USA \u00e0 aller au del\u00e0 des ambitions climatiques.<\/p>\n\n\n\n<p>Pour ce jour 1 du Sommet, les s\u00e9ances :<\/p>\n\n\n\n<p>S\u00e9ance 1: Une action climatique plus ambitieuse<\/p>\n\n\n\n<p>S\u00e9ance 2: Investir dans l\u2019action climatique<\/p>\n\n\n\n<p>S\u00e9ance 3 (S\u00e9ances parall\u00e8les, cycle 1): Adaptation et r\u00e9silience<\/p>\n\n\n\n<p>S\u00e9ance 3 (S\u00e9ances parall\u00e8les, cycle 2): La s\u00e9curit\u00e9 climatique<\/p>\n\n\n\n<p>Suivre le live sur <a rel=\"noreferrer noopener\" href=\"https:\/\/www.youtube.com\/watch?v=aykw5cILYck&amp;fbclid=IwAR3GzDEZMQDQSUHykNdqPYT8-WeiVoImuCVFwxGmnie4lV79dHwI-QC5uMo\" target=\"_blank\">https:\/\/www.youtube.com\/watch?v=aykw5cILYck<\/a><\/p>\n\n\n\n<h3>0 commentaires<\/h3>\n\n\n\n<p>\u00c9crivez un commentaire\u2026<br><\/p>\n","protected":false},"excerpt":{"rendered":"<p>LeadersClimateSummit Ces 22 et 23 avril 2021, se tient le sommet virtuel des dirigeants sur le #climat qu&rsquo;organisent les Etats-Unis d\u2019Am\u00e9rique. Un sommet auquel le pr\u00e9sident am\u00e9ricain #Biden a invit\u00e9 plus de 40 dirigeants mondiaux. LIVE : Dans son discours d\u2019ouverture, le Pr\u00e9sident Biden annonce l&rsquo;engagement des USA \u00e0 aller au del\u00e0 des ambitions climatiques. [&hellip;]<\/p>\n","protected":false},"author":2,"featured_media":8893,"comment_status":"open","ping_status":"open","sticky":false,"template":"","format":"standard","meta":{"ec_post_video":"https:\/\/www.youtube.com\/watch?v=aykw5cILYck"},"categories":[372],"tags":[11,1960],"odd":[649],"_links":{"self":[{"href":"https:\/\/www.ecoconscience.tv\/api\/wp\/v2\/posts\/8888"}],"collection":[{"href":"https:\/\/www.ecoconscience.tv\/api\/wp\/v2\/posts"}],"about":[{"href":"https:\/\/www.ecoconscience.tv\/api\/wp\/v2\/types\/post"}],"author":[{"embeddable":true,"href":"https:\/\/www.ecoconscience.tv\/api\/wp\/v2\/users\/2"}],"replies":[{"embeddable":true,"href":"https:\/\/www.ecoconscience.tv\/api\/wp\/v2\/comments?post=8888"}],"version-history":[{"count":2,"href":"https:\/\/www.ecoconscience.tv\/api\/wp\/v2\/posts\/8888\/revisions"}],"predecessor-version":[{"id":8892,"href":"https:\/\/www.ecoconscience.tv\/api\/wp\/v2\/posts\/8888\/revisions\/8892"}],"wp:featuredmedia":[{"embeddable":true,"href":"https:\/\/www.ecoconscience.tv\/api\/wp\/v2\/media\/8893"}],"wp:attachment":[{"href":"https:\/\/www.ecoconscience.tv\/api\/wp\/v2\/media?parent=8888"}],"wp:term":[{"taxonomy":"category","embeddable":true,"href":"https:\/\/www.ecoconscience.tv\/api\/wp\/v2\/categories?post=8888"},{"taxonomy":"post_tag","embeddable":true,"href":"https:\/\/www.ecoconscience.tv\/api\/wp\/v2\/tags?post=8888"},{"taxonomy":"odd","embeddable":true,"href":"https:\/\/www.ecoconscience.tv\/api\/wp\/v2\/odd?post=8888"}],"curies":[{"name":"wp","href":"https:\/\/api.w.org\/{rel}","templated":true}]}}