{"id":8867,"date":"2021-04-09T07:00:00","date_gmt":"2021-04-09T07:00:00","guid":{"rendered":"https:\/\/www.ecoconscience.tv\/?p=8867"},"modified":"2022-03-30T10:56:27","modified_gmt":"2022-03-30T10:56:27","slug":"togo-ministere-de-leau-defis-de-la-gestion-leau","status":"publish","type":"post","link":"https:\/\/www.ecoconscience.tv\/togo-ministere-de-leau-defis-de-la-gestion-leau\/","title":{"rendered":"Togo : Le Minist\u00e8re de l\u2019eau et de l\u2019hydraulique villageoise face aux d\u00e9fis de la gestion durable de l\u2019eau"},"content":{"rendered":"\n<p class=\"has-vivid-green-cyan-color has-text-color\">#EcoConscienceTV\n<\/p>\n\n\n\n<blockquote class=\"wp-block-quote\"><p><strong>Comment le minist\u00e8re de l\u2019eau et de l\u2019hydraulique villageoise se positionne-t-il aujourd\u2019hui pour faire de l\u2019acc\u00e8s \u00e0 l\u2019eau une r\u00e9alit\u00e9 aux Togolais&nbsp;?<\/strong><\/p><\/blockquote>\n\n\n\n<p>Nous sommes avec le <a href=\"https:\/\/eau.gouv.tg\/\">Minist\u00e8re de l&rsquo;Eau et de l&rsquo;Hydraulique villageoise<\/a>, repr\u00e9sent\u00e9 \u00e0 nos cot\u00e9s par le Secr\u00e9taire G\u00e9n\u00e9ral, M. Hatim TCHABORE. Ensemble dans ce Num\u00e9ro Sp\u00e9cial de l\u2019\u00e9mission \u00c9COLOGIE ET CONSCIENCE, nous revenons sur la probl\u00e9matique de la gestion de l&rsquo;eau au Togo, en revisitant les actions et programmes nationaux en mati\u00e8re de la gestion durable de cette denr\u00e9e vitale. \u00c9galement nous faisons un focus sur le th\u00e8me de la journ\u00e9e mondiale de l&rsquo;eau c\u00e9l\u00e9br\u00e9e le 22 mars 2021, sous le th\u00e8me : \u00ab\u00a0La Place de l&rsquo;eau dans nos soci\u00e9t\u00e9s et comment la prot\u00e9ger\u00a0\u00bb.<\/p>\n\n\n\n<p>Bienvenus ! <\/p>\n\n\n\n<p class=\"has-vivid-cyan-blue-color has-text-color\"><strong>N&rsquo;oubliez pas, vos commentaires nous int\u00e9ressent. Selon vous, comment devons nous prot\u00e9ger l&rsquo;eau?<\/strong><\/p>\n","protected":false},"excerpt":{"rendered":"<p>#EcoConscienceTV Comment le minist\u00e8re de l\u2019eau et de l\u2019hydraulique villageoise se positionne-t-il aujourd\u2019hui pour faire de l\u2019acc\u00e8s \u00e0 l\u2019eau une r\u00e9alit\u00e9 aux Togolais&nbsp;? Nous sommes avec le Minist\u00e8re de l&rsquo;Eau et de l&rsquo;Hydraulique villageoise, repr\u00e9sent\u00e9 \u00e0 nos cot\u00e9s par le Secr\u00e9taire G\u00e9n\u00e9ral, M. Hatim TCHABORE. Ensemble dans ce Num\u00e9ro Sp\u00e9cial de l\u2019\u00e9mission \u00c9COLOGIE ET CONSCIENCE, [&hellip;]<\/p>\n","protected":false},"author":2,"featured_media":8874,"comment_status":"open","ping_status":"open","sticky":false,"template":"","format":"standard","meta":{"ec_post_video":"https:\/\/www.youtube.com\/watch?v=iXDun3g4bQ8"},"categories":[1190,5],"tags":[1762,1954,1955],"odd":[591],"_links":{"self":[{"href":"https:\/\/www.ecoconscience.tv\/api\/wp\/v2\/posts\/8867"}],"collection":[{"href":"https:\/\/www.ecoconscience.tv\/api\/wp\/v2\/posts"}],"about":[{"href":"https:\/\/www.ecoconscience.tv\/api\/wp\/v2\/types\/post"}],"author":[{"embeddable":true,"href":"https:\/\/www.ecoconscience.tv\/api\/wp\/v2\/users\/2"}],"replies":[{"embeddable":true,"href":"https:\/\/www.ecoconscience.tv\/api\/wp\/v2\/comments?post=8867"}],"version-history":[{"count":9,"href":"https:\/\/www.ecoconscience.tv\/api\/wp\/v2\/posts\/8867\/revisions"}],"predecessor-version":[{"id":9589,"href":"https:\/\/www.ecoconscience.tv\/api\/wp\/v2\/posts\/8867\/revisions\/9589"}],"wp:featuredmedia":[{"embeddable":true,"href":"https:\/\/www.ecoconscience.tv\/api\/wp\/v2\/media\/8874"}],"wp:attachment":[{"href":"https:\/\/www.ecoconscience.tv\/api\/wp\/v2\/media?parent=8867"}],"wp:term":[{"taxonomy":"category","embeddable":true,"href":"https:\/\/www.ecoconscience.tv\/api\/wp\/v2\/categories?post=8867"},{"taxonomy":"post_tag","embeddable":true,"href":"https:\/\/www.ecoconscience.tv\/api\/wp\/v2\/tags?post=8867"},{"taxonomy":"odd","embeddable":true,"href":"https:\/\/www.ecoconscience.tv\/api\/wp\/v2\/odd?post=8867"}],"curies":[{"name":"wp","href":"https:\/\/api.w.org\/{rel}","templated":true}]}}