{"id":8799,"date":"2021-03-06T22:31:52","date_gmt":"2021-03-06T22:31:52","guid":{"rendered":"https:\/\/www.ecoconscience.tv\/?p=8799"},"modified":"2021-04-08T07:35:01","modified_gmt":"2021-04-08T07:35:01","slug":"togo-acces-a-leau-potable-vers-un-nouveau-modele-de-gestion-des-mini-aep","status":"publish","type":"post","link":"https:\/\/www.ecoconscience.tv\/togo-acces-a-leau-potable-vers-un-nouveau-modele-de-gestion-des-mini-aep\/","title":{"rendered":"Togo\/ Acc\u00e8s \u00e0 l&rsquo;eau potable : vers un nouveau mod\u00e8le de gestion des mini-AEP"},"content":{"rendered":"\n<p class=\"has-text-color has-light-green-cyan-color\"><a href=\"https:\/\/www.youtube.com\/hashtag\/ecoconsciencetv\">#EcoConscienceTV<\/a>\u200b <\/p>\n\n\n\n<p>Le <a href=\"https:\/\/eau.gouv.tg\/\">Minist\u00e8re de l&rsquo;eau et de l\u2019hydraulique villageoise<\/a> en collaboration avec des ONG Experts Solidaires, CONGAT ICB \/ PADIE et le bureau d\u2019\u00e9tude ARWP a organis\u00e9 un s\u00e9minaire international sur la gestion de l&rsquo;eau potable dans les petits centres ces 4 et 5 mars 2021 \u00e0 Lom\u00e9. <\/p>\n\n\n\n<p>A l&rsquo;issue des 2 jours de travaux, des recommandations ont \u00e9t\u00e9 formul\u00e9es afin d&rsquo;optimiser la gestion de l&rsquo;eau potable dans les petits centres au Togo. <\/p>\n\n\n\n<p>Des pr\u00e9cisions sur cette rencontre dans ce dossier. <\/p>\n","protected":false},"excerpt":{"rendered":"<p>#EcoConscienceTV\u200b Le Minist\u00e8re de l&rsquo;eau et de l\u2019hydraulique villageoise en collaboration avec des ONG Experts Solidaires, CONGAT ICB \/ PADIE et le bureau d\u2019\u00e9tude ARWP a organis\u00e9 un s\u00e9minaire international sur la gestion de l&rsquo;eau potable dans les petits centres ces 4 et 5 mars 2021 \u00e0 Lom\u00e9. A l&rsquo;issue des 2 jours de travaux, [&hellip;]<\/p>\n","protected":false},"author":2,"featured_media":8862,"comment_status":"open","ping_status":"open","sticky":false,"template":"","format":"standard","meta":{"ec_post_video":"https:\/\/www.youtube.com\/watch?v=kBL5Z38fx9Y"},"categories":[372,2],"tags":[],"odd":[],"_links":{"self":[{"href":"https:\/\/www.ecoconscience.tv\/api\/wp\/v2\/posts\/8799"}],"collection":[{"href":"https:\/\/www.ecoconscience.tv\/api\/wp\/v2\/posts"}],"about":[{"href":"https:\/\/www.ecoconscience.tv\/api\/wp\/v2\/types\/post"}],"author":[{"embeddable":true,"href":"https:\/\/www.ecoconscience.tv\/api\/wp\/v2\/users\/2"}],"replies":[{"embeddable":true,"href":"https:\/\/www.ecoconscience.tv\/api\/wp\/v2\/comments?post=8799"}],"version-history":[{"count":4,"href":"https:\/\/www.ecoconscience.tv\/api\/wp\/v2\/posts\/8799\/revisions"}],"predecessor-version":[{"id":8804,"href":"https:\/\/www.ecoconscience.tv\/api\/wp\/v2\/posts\/8799\/revisions\/8804"}],"wp:featuredmedia":[{"embeddable":true,"href":"https:\/\/www.ecoconscience.tv\/api\/wp\/v2\/media\/8862"}],"wp:attachment":[{"href":"https:\/\/www.ecoconscience.tv\/api\/wp\/v2\/media?parent=8799"}],"wp:term":[{"taxonomy":"category","embeddable":true,"href":"https:\/\/www.ecoconscience.tv\/api\/wp\/v2\/categories?post=8799"},{"taxonomy":"post_tag","embeddable":true,"href":"https:\/\/www.ecoconscience.tv\/api\/wp\/v2\/tags?post=8799"},{"taxonomy":"odd","embeddable":true,"href":"https:\/\/www.ecoconscience.tv\/api\/wp\/v2\/odd?post=8799"}],"curies":[{"name":"wp","href":"https:\/\/api.w.org\/{rel}","templated":true}]}}