{"id":8764,"date":"2021-01-15T06:30:00","date_gmt":"2021-01-15T06:30:00","guid":{"rendered":"https:\/\/www.ecoconscience.tv\/?p=8764"},"modified":"2022-03-29T22:30:16","modified_gmt":"2022-03-29T22:30:16","slug":"la-decentralisation-et-lamenagement-du-territoire-la-ville-durable-a-t-elle-sa-place","status":"publish","type":"post","link":"https:\/\/www.ecoconscience.tv\/la-decentralisation-et-lamenagement-du-territoire-la-ville-durable-a-t-elle-sa-place\/","title":{"rendered":"La d\u00e9centralisation et l&rsquo;am\u00e9nagement du territoire : la ville durable a t-elle sa place ?"},"content":{"rendered":"\n<p class=\"has-vivid-green-cyan-color has-text-color\"> #EcoConscienceTV <\/p>\n\n\n\n<blockquote class=\"wp-block-quote\"><p><strong>Notre invit\u00e9e dans l&rsquo;\u00e9mission ECOLOGIE ET CONSCIENCE, Mme M\u00e9lanie  MALINVAUD, experte en d\u00e9veloppement durable, nous am\u00e8ne en profondeur de  la th\u00e9matique de ville durable et la place qu&rsquo;elle occupe dans le  processus de la d\u00e9centralisation dans les pays. Elle partage son exp\u00e9rience avec nous et son analyse sur les villes dans les pays d\u00e9velopp\u00e9s et des pays en d\u00e9veloppement.<\/strong><\/p><cite>Pr\u00e9sentation #Rolande_de_la_Flore<\/cite><\/blockquote>\n\n\n\n<p>Bienvenus \u00e0 toutes et \u00e0 tous. <\/p>\n","protected":false},"excerpt":{"rendered":"<p>#EcoConscienceTV Notre invit\u00e9e dans l&rsquo;\u00e9mission ECOLOGIE ET CONSCIENCE, Mme M\u00e9lanie MALINVAUD, experte en d\u00e9veloppement durable, nous am\u00e8ne en profondeur de la th\u00e9matique de ville durable et la place qu&rsquo;elle occupe dans le processus de la d\u00e9centralisation dans les pays. Elle partage son exp\u00e9rience avec nous et son analyse sur les villes dans les pays d\u00e9velopp\u00e9s [&hellip;]<\/p>\n","protected":false},"author":2,"featured_media":8769,"comment_status":"open","ping_status":"open","sticky":false,"template":"","format":"standard","meta":{"ec_post_video":"https:\/\/www.youtube.com\/watch?v=e2TInEqHksk"},"categories":[1190,5],"tags":[],"odd":[],"_links":{"self":[{"href":"https:\/\/www.ecoconscience.tv\/api\/wp\/v2\/posts\/8764"}],"collection":[{"href":"https:\/\/www.ecoconscience.tv\/api\/wp\/v2\/posts"}],"about":[{"href":"https:\/\/www.ecoconscience.tv\/api\/wp\/v2\/types\/post"}],"author":[{"embeddable":true,"href":"https:\/\/www.ecoconscience.tv\/api\/wp\/v2\/users\/2"}],"replies":[{"embeddable":true,"href":"https:\/\/www.ecoconscience.tv\/api\/wp\/v2\/comments?post=8764"}],"version-history":[{"count":6,"href":"https:\/\/www.ecoconscience.tv\/api\/wp\/v2\/posts\/8764\/revisions"}],"predecessor-version":[{"id":9583,"href":"https:\/\/www.ecoconscience.tv\/api\/wp\/v2\/posts\/8764\/revisions\/9583"}],"wp:featuredmedia":[{"embeddable":true,"href":"https:\/\/www.ecoconscience.tv\/api\/wp\/v2\/media\/8769"}],"wp:attachment":[{"href":"https:\/\/www.ecoconscience.tv\/api\/wp\/v2\/media?parent=8764"}],"wp:term":[{"taxonomy":"category","embeddable":true,"href":"https:\/\/www.ecoconscience.tv\/api\/wp\/v2\/categories?post=8764"},{"taxonomy":"post_tag","embeddable":true,"href":"https:\/\/www.ecoconscience.tv\/api\/wp\/v2\/tags?post=8764"},{"taxonomy":"odd","embeddable":true,"href":"https:\/\/www.ecoconscience.tv\/api\/wp\/v2\/odd?post=8764"}],"curies":[{"name":"wp","href":"https:\/\/api.w.org\/{rel}","templated":true}]}}