{"id":8609,"date":"2020-07-20T18:28:16","date_gmt":"2020-07-20T18:28:16","guid":{"rendered":"https:\/\/www.ecoconscience.tv\/?p=8609"},"modified":"2020-07-20T18:28:17","modified_gmt":"2020-07-20T18:28:17","slug":"ocean-vivant-nous-sommes-vos-yeux-sous-la-mer-togolaise","status":"publish","type":"post","link":"https:\/\/www.ecoconscience.tv\/ocean-vivant-nous-sommes-vos-yeux-sous-la-mer-togolaise\/","title":{"rendered":"Ocean Vivant : nous sommes vos yeux sous la mer togolaise"},"content":{"rendered":"\n<p> #EcoConscienceTV  <\/p>\n\n\n\n<p>A travers notre rubrique Ocean Vivant, nous sommes engag\u00e9s pour la  conception de la gestion durable des ressources marines comme une  opportunit\u00e9 de d\u00e9veloppement \u00e9conomique et touristique au Togo. <\/p>\n\n\n\n<p>Comme le  souligne l&rsquo;ODD14, une gestion plus durable des ressources via la  pr\u00e9servation des zones marines et c\u00f4ti\u00e8res , la lutte contre la surp\u00eache  et la p\u00eache illicite, renforcer la r\u00e9silience des \u00e9cosyst\u00e8mes&#8230; <\/p>\n","protected":false},"excerpt":{"rendered":"<p>#EcoConscienceTV A travers notre rubrique Ocean Vivant, nous sommes engag\u00e9s pour la conception de la gestion durable des ressources marines comme une opportunit\u00e9 de d\u00e9veloppement \u00e9conomique et touristique au Togo. Comme le souligne l&rsquo;ODD14, une gestion plus durable des ressources via la pr\u00e9servation des zones marines et c\u00f4ti\u00e8res , la lutte contre la surp\u00eache et [&hellip;]<\/p>\n","protected":false},"author":2,"featured_media":8610,"comment_status":"open","ping_status":"open","sticky":false,"template":"","format":"standard","meta":{"ec_post_video":"https:\/\/www.youtube.com\/watch?v=gEpt8kEIx2g"},"categories":[372],"tags":[1892],"odd":[],"_links":{"self":[{"href":"https:\/\/www.ecoconscience.tv\/api\/wp\/v2\/posts\/8609"}],"collection":[{"href":"https:\/\/www.ecoconscience.tv\/api\/wp\/v2\/posts"}],"about":[{"href":"https:\/\/www.ecoconscience.tv\/api\/wp\/v2\/types\/post"}],"author":[{"embeddable":true,"href":"https:\/\/www.ecoconscience.tv\/api\/wp\/v2\/users\/2"}],"replies":[{"embeddable":true,"href":"https:\/\/www.ecoconscience.tv\/api\/wp\/v2\/comments?post=8609"}],"version-history":[{"count":2,"href":"https:\/\/www.ecoconscience.tv\/api\/wp\/v2\/posts\/8609\/revisions"}],"predecessor-version":[{"id":8612,"href":"https:\/\/www.ecoconscience.tv\/api\/wp\/v2\/posts\/8609\/revisions\/8612"}],"wp:featuredmedia":[{"embeddable":true,"href":"https:\/\/www.ecoconscience.tv\/api\/wp\/v2\/media\/8610"}],"wp:attachment":[{"href":"https:\/\/www.ecoconscience.tv\/api\/wp\/v2\/media?parent=8609"}],"wp:term":[{"taxonomy":"category","embeddable":true,"href":"https:\/\/www.ecoconscience.tv\/api\/wp\/v2\/categories?post=8609"},{"taxonomy":"post_tag","embeddable":true,"href":"https:\/\/www.ecoconscience.tv\/api\/wp\/v2\/tags?post=8609"},{"taxonomy":"odd","embeddable":true,"href":"https:\/\/www.ecoconscience.tv\/api\/wp\/v2\/odd?post=8609"}],"curies":[{"name":"wp","href":"https:\/\/api.w.org\/{rel}","templated":true}]}}