{"id":8505,"date":"2020-06-03T22:29:51","date_gmt":"2020-06-03T22:29:51","guid":{"rendered":"https:\/\/www.ecoconscience.tv\/?p=8505"},"modified":"2020-06-10T17:19:41","modified_gmt":"2020-06-10T17:19:41","slug":"violation-des-droits-de-lhomme-application-honam-de-cdfdh-pour-briser-le-silence","status":"publish","type":"post","link":"https:\/\/www.ecoconscience.tv\/violation-des-droits-de-lhomme-application-honam-de-cdfdh-pour-briser-le-silence\/","title":{"rendered":"Violation des Droits de l&rsquo;Homme : Application \u00a0\u00bb Xonam\u00a0\u00bb  pour Briser le Silence"},"content":{"rendered":"\n<figure class=\"wp-block-video\"><\/figure>\n\n\n\n<p>Le Centre de Documentation et de Formation sur les Droits de l&rsquo;Homme (<a href=\"https:\/\/www.facebook.com\/CDFDH-Centre-de-Documentation-et-de-Formation-sur-les-Droits-de-lHomme-1506470316110454\/?__xts__[0]=68.ARBBrJmT1MMzJKMffl7Q6WABgDIJKbrvQGWNbZnBk-GRhxuC0uMft5mYxTi5QRRGX5mhkYh3ZiSn3cmKPG7hd9YcISEwipx8-dORtq95iNH3aprUKLSGoWotgRNyzfwOFEWqJ9Hv1iXZBSxSMDWlx_mGe3mRc4sXJgGbs3i2I4Qmc170Go73lORCmWzVGO54YiNSkFUpCjPvIZc7S-g1mfJRSzFZno-j0-lXJZuP55qJiAVA9Vm-y37H5CQ_VRk9Ha3V7741TEz-ZOVV6iuC8L3ib2ucpiGNOgcsoeXoqWReQvv8iCGFc1DxtSlFuGDLZU4v-nUvkm2A9pU1A4ob0lh7RIPhbz0DaF-UJ_ILlLKbwPJC7eKdVgWInw&amp;__tn__=%2Cd%2CP-R&amp;eid=ARASoa0RQvniFn4uFmwtuUYXzPvR-1dFrEeMR_5vv4Qk18xLCXeBTPFm4RrT-tK2sPgP-9Qikmv5QbD0\">CDFDH<\/a>) met une application mobile \u00a0\u00bb <a href=\"https:\/\/www.facebook.com\/hashtag\/xonam?source=feed_text&amp;epa=HASHTAG&amp;__xts__%5B0%5D=68.ARBBrJmT1MMzJKMffl7Q6WABgDIJKbrvQGWNbZnBk-GRhxuC0uMft5mYxTi5QRRGX5mhkYh3ZiSn3cmKPG7hd9YcISEwipx8-dORtq95iNH3aprUKLSGoWotgRNyzfwOFEWqJ9Hv1iXZBSxSMDWlx_mGe3mRc4sXJgGbs3i2I4Qmc170Go73lORCmWzVGO54YiNSkFUpCjPvIZc7S-g1mfJRSzFZno-j0-lXJZuP55qJiAVA9Vm-y37H5CQ_VRk9Ha3V7741TEz-ZOVV6iuC8L3ib2ucpiGNOgcsoeXoqWReQvv8iCGFc1DxtSlFuGDLZU4v-nUvkm2A9pU1A4ob0lh7RIPhbz0DaF-UJ_ILlLKbwPJC7eKdVgWInw&amp;__tn__=%2ANK-R\">Xonam<\/a> \u00a0\u00bb <\/p>\n\n\n\n<p>Quelles sont r\u00e9ellement les raisons qui ont motiv\u00e9 le lancement de cette application? <\/p>\n\n\n\n<p>Selon Godwin ETSE, Directeur Executif de CDFDH, elle vise \u00e0   \u00ab\u00a0Briser le silence\u00a0\u00bb sur les violations des droits de l&rsquo;homme au Togo <\/p>\n\n\n\n<p>Ici, il donne plus de d\u00e9tails devant notre micro.<\/p>\n\n\n\n<p>Suivons plut\u00f4t&#8230;<\/p>\n","protected":false},"excerpt":{"rendered":"<p>Le Centre de Documentation et de Formation sur les Droits de l&rsquo;Homme (CDFDH) met une application mobile \u00a0\u00bb Xonam \u00a0\u00bb Quelles sont r\u00e9ellement les raisons qui ont motiv\u00e9 le lancement de cette application? Selon Godwin ETSE, Directeur Executif de CDFDH, elle vise \u00e0 \u00ab\u00a0Briser le silence\u00a0\u00bb sur les violations des droits de l&rsquo;homme au Togo [&hellip;]<\/p>\n","protected":false},"author":2,"featured_media":8506,"comment_status":"open","ping_status":"open","sticky":false,"template":"","format":"video","meta":{"ec_post_video":"https:\/\/www.youtube.com\/watch?v=v_cq9ZdAtnA"},"categories":[372],"tags":[],"odd":[],"_links":{"self":[{"href":"https:\/\/www.ecoconscience.tv\/api\/wp\/v2\/posts\/8505"}],"collection":[{"href":"https:\/\/www.ecoconscience.tv\/api\/wp\/v2\/posts"}],"about":[{"href":"https:\/\/www.ecoconscience.tv\/api\/wp\/v2\/types\/post"}],"author":[{"embeddable":true,"href":"https:\/\/www.ecoconscience.tv\/api\/wp\/v2\/users\/2"}],"replies":[{"embeddable":true,"href":"https:\/\/www.ecoconscience.tv\/api\/wp\/v2\/comments?post=8505"}],"version-history":[{"count":8,"href":"https:\/\/www.ecoconscience.tv\/api\/wp\/v2\/posts\/8505\/revisions"}],"predecessor-version":[{"id":8534,"href":"https:\/\/www.ecoconscience.tv\/api\/wp\/v2\/posts\/8505\/revisions\/8534"}],"wp:featuredmedia":[{"embeddable":true,"href":"https:\/\/www.ecoconscience.tv\/api\/wp\/v2\/media\/8506"}],"wp:attachment":[{"href":"https:\/\/www.ecoconscience.tv\/api\/wp\/v2\/media?parent=8505"}],"wp:term":[{"taxonomy":"category","embeddable":true,"href":"https:\/\/www.ecoconscience.tv\/api\/wp\/v2\/categories?post=8505"},{"taxonomy":"post_tag","embeddable":true,"href":"https:\/\/www.ecoconscience.tv\/api\/wp\/v2\/tags?post=8505"},{"taxonomy":"odd","embeddable":true,"href":"https:\/\/www.ecoconscience.tv\/api\/wp\/v2\/odd?post=8505"}],"curies":[{"name":"wp","href":"https:\/\/api.w.org\/{rel}","templated":true}]}}