{"id":8417,"date":"2020-04-14T17:06:48","date_gmt":"2020-04-14T17:06:48","guid":{"rendered":"https:\/\/www.ecoconscience.tv\/?p=8417"},"modified":"2020-04-14T17:14:22","modified_gmt":"2020-04-14T17:14:22","slug":"covid-19-en-ewe-ecoutons-le-message-de-la-direction-de-la-formation-civique","status":"publish","type":"post","link":"https:\/\/www.ecoconscience.tv\/covid-19-en-ewe-ecoutons-le-message-de-la-direction-de-la-formation-civique\/","title":{"rendered":"COVID-19 | En EWE, \u00c9coutons le message de la Direction de la formation Civique"},"content":{"rendered":"\n<figure class=\"wp-block-embed-soundcloud wp-block-embed is-type-rich is-provider-soundcloud wp-embed-aspect-4-3 wp-has-aspect-ratio\"><div class=\"wp-block-embed__wrapper\">\n<iframe loading=\"lazy\" title=\"COVID-19 | En EWE, \u00c9coutons le message de la Direction de la formation Civique by Eco Conscience TV\" width=\"800\" height=\"400\" scrolling=\"no\" frameborder=\"no\" src=\"https:\/\/w.soundcloud.com\/player\/?visual=true&#038;url=https%3A%2F%2Fapi.soundcloud.com%2Ftracks%2F798513085&#038;show_artwork=true&#038;maxwidth=800&#038;maxheight=1000&#038;dnt=1\"><\/iframe>\n<\/div><\/figure>\n\n\n\n<p> COVID-19 | En Langue Local EWE, \u00c9coutons le message de la Direction de la formation Civique.<br>Ensemble, adoptons les mesures barri\u00e8res <br>Dans nos langues locales, passons le message&#8230; <\/p>\n\n\n\n<p><em>R\u00e9daction<\/em><\/p>\n","protected":false},"excerpt":{"rendered":"<p>COVID-19 | En Langue Local EWE, \u00c9coutons le message de la Direction de la formation Civique.Ensemble, adoptons les mesures barri\u00e8res Dans nos langues locales, passons le message&#8230; R\u00e9daction<\/p>\n","protected":false},"author":2,"featured_media":8418,"comment_status":"open","ping_status":"open","sticky":false,"template":"","format":"video","meta":{"ec_post_video":"https:\/\/soundcloud.com\/eco-conscience-tv\/covid-19-en-ewe-ecoutons-le-message-de-la-direction-de-la-formation-civique"},"categories":[372],"tags":[],"odd":[],"_links":{"self":[{"href":"https:\/\/www.ecoconscience.tv\/api\/wp\/v2\/posts\/8417"}],"collection":[{"href":"https:\/\/www.ecoconscience.tv\/api\/wp\/v2\/posts"}],"about":[{"href":"https:\/\/www.ecoconscience.tv\/api\/wp\/v2\/types\/post"}],"author":[{"embeddable":true,"href":"https:\/\/www.ecoconscience.tv\/api\/wp\/v2\/users\/2"}],"replies":[{"embeddable":true,"href":"https:\/\/www.ecoconscience.tv\/api\/wp\/v2\/comments?post=8417"}],"version-history":[{"count":7,"href":"https:\/\/www.ecoconscience.tv\/api\/wp\/v2\/posts\/8417\/revisions"}],"predecessor-version":[{"id":8426,"href":"https:\/\/www.ecoconscience.tv\/api\/wp\/v2\/posts\/8417\/revisions\/8426"}],"wp:featuredmedia":[{"embeddable":true,"href":"https:\/\/www.ecoconscience.tv\/api\/wp\/v2\/media\/8418"}],"wp:attachment":[{"href":"https:\/\/www.ecoconscience.tv\/api\/wp\/v2\/media?parent=8417"}],"wp:term":[{"taxonomy":"category","embeddable":true,"href":"https:\/\/www.ecoconscience.tv\/api\/wp\/v2\/categories?post=8417"},{"taxonomy":"post_tag","embeddable":true,"href":"https:\/\/www.ecoconscience.tv\/api\/wp\/v2\/tags?post=8417"},{"taxonomy":"odd","embeddable":true,"href":"https:\/\/www.ecoconscience.tv\/api\/wp\/v2\/odd?post=8417"}],"curies":[{"name":"wp","href":"https:\/\/api.w.org\/{rel}","templated":true}]}}