{"id":8398,"date":"2020-04-09T11:34:00","date_gmt":"2020-04-09T11:34:00","guid":{"rendered":"https:\/\/www.ecoconscience.tv\/?p=8398"},"modified":"2020-04-10T16:13:39","modified_gmt":"2020-04-10T16:13:39","slug":"togo-la-direction-de-la-formation-civique-lance-une-serie-dactions-contre-le-covid-19","status":"publish","type":"post","link":"https:\/\/www.ecoconscience.tv\/togo-la-direction-de-la-formation-civique-lance-une-serie-dactions-contre-le-covid-19\/","title":{"rendered":"Togo : La Direction de la Formation Civique lance une s\u00e9rie d\u2019actions contre le COVID-19"},"content":{"rendered":"\n<figure class=\"wp-block-video\"><\/figure>\n\n\n\n<p> #EcoConscienceTV <\/p>\n\n\n\n<p>Afin d\u2019appuyer les efforts et d\u2019accompagner le gouvernement dans sa lutte contre la pand\u00e9mie  <strong><a href=\"https:\/\/www.republiquetogolaise.com\/coronavirus\/3003-4206-10-guerisons-et-de-nouveaux-cas-positifs-au-covid-19\">Coronavirus<\/a><\/strong>&nbsp;(COVID-19), la Direction de la Formation Civique (DFC) lance un projet qui se d\u00e9cline en trois axes principaux notamment la production de spots audio en diff\u00e9rentes langues nationales \u00e0 diffuser sur les m\u00e9dias&nbsp;; la production de spots audiovisuels (sketchs) r\u00e9sumant les mesures barri\u00e8res puis la remise de mat\u00e9riels (kits de lavage des mains).<\/p>\n\n\n\n<p>A cet effet, elle a offert le mercredi 8 avril 2020, un lot de mat\u00e9riel compos\u00e9 des kits de lavage de mains, des masques \u00e0 plusieurs services strat\u00e9giques relevant du Minist\u00e8re en charge de la communication du Togo. <\/p>\n\n\n\n<p>Parmi\nles structures b\u00e9n\u00e9ficiaires figurent les m\u00e9dias. La c\u00e9r\u00e9monie de remise de\nmat\u00e9riel a eu lieu au cabinet dudit minist\u00e8re \u00e0 Lom\u00e9.<\/p>\n\n\n\n<p>D\u00e9tails\ndans ce reportage\u2026<\/p>\n\n\n\n<p><em><strong>R.Aziaka<\/strong><\/em><\/p>\n","protected":false},"excerpt":{"rendered":"<p>#EcoConscienceTV Afin d\u2019appuyer les efforts et d\u2019accompagner le gouvernement dans sa lutte contre la pand\u00e9mie Coronavirus&nbsp;(COVID-19), la Direction de la Formation Civique (DFC) lance un projet qui se d\u00e9cline en trois axes principaux notamment la production de spots audio en diff\u00e9rentes langues nationales \u00e0 diffuser sur les m\u00e9dias&nbsp;; la production de spots audiovisuels (sketchs) r\u00e9sumant [&hellip;]<\/p>\n","protected":false},"author":2,"featured_media":8399,"comment_status":"open","ping_status":"open","sticky":false,"template":"","format":"video","meta":{"ec_post_video":"https:\/\/www.youtube.com\/watch?v=SrTZevqZl3E"},"categories":[372,2],"tags":[1873,1581,1874,1872],"odd":[],"_links":{"self":[{"href":"https:\/\/www.ecoconscience.tv\/api\/wp\/v2\/posts\/8398"}],"collection":[{"href":"https:\/\/www.ecoconscience.tv\/api\/wp\/v2\/posts"}],"about":[{"href":"https:\/\/www.ecoconscience.tv\/api\/wp\/v2\/types\/post"}],"author":[{"embeddable":true,"href":"https:\/\/www.ecoconscience.tv\/api\/wp\/v2\/users\/2"}],"replies":[{"embeddable":true,"href":"https:\/\/www.ecoconscience.tv\/api\/wp\/v2\/comments?post=8398"}],"version-history":[{"count":9,"href":"https:\/\/www.ecoconscience.tv\/api\/wp\/v2\/posts\/8398\/revisions"}],"predecessor-version":[{"id":8409,"href":"https:\/\/www.ecoconscience.tv\/api\/wp\/v2\/posts\/8398\/revisions\/8409"}],"wp:featuredmedia":[{"embeddable":true,"href":"https:\/\/www.ecoconscience.tv\/api\/wp\/v2\/media\/8399"}],"wp:attachment":[{"href":"https:\/\/www.ecoconscience.tv\/api\/wp\/v2\/media?parent=8398"}],"wp:term":[{"taxonomy":"category","embeddable":true,"href":"https:\/\/www.ecoconscience.tv\/api\/wp\/v2\/categories?post=8398"},{"taxonomy":"post_tag","embeddable":true,"href":"https:\/\/www.ecoconscience.tv\/api\/wp\/v2\/tags?post=8398"},{"taxonomy":"odd","embeddable":true,"href":"https:\/\/www.ecoconscience.tv\/api\/wp\/v2\/odd?post=8398"}],"curies":[{"name":"wp","href":"https:\/\/api.w.org\/{rel}","templated":true}]}}