{"id":8388,"date":"2020-04-02T11:55:13","date_gmt":"2020-04-02T11:55:13","guid":{"rendered":"https:\/\/www.ecoconscience.tv\/?p=8388"},"modified":"2020-04-10T17:37:21","modified_gmt":"2020-04-10T17:37:21","slug":"alerte-a-part-les-gestes-barrieres-du-coronavirus-ayons-egalement-la-bonne-maniere-de-gerer-ces-masques-et-gangs-apres-usage","status":"publish","type":"post","link":"https:\/\/www.ecoconscience.tv\/alerte-a-part-les-gestes-barrieres-du-coronavirus-ayons-egalement-la-bonne-maniere-de-gerer-ces-masques-et-gangs-apres-usage\/","title":{"rendered":"COVID-19: A part les gestes barri\u00e8res du coronavirus, ayons \u00e9galement la bonne mani\u00e8re de g\u00e9rer les masques et gants, apr\u00e8s usage"},"content":{"rendered":"\n<figure class=\"wp-block-video\"><\/figure>\n\n\n\n<p> COVID-19 : Quelle gestion des d\u00e9chets issus des masques et  gants, apr\u00e8s usage ? <\/p>\n\n\n\n<p>  Plusieurs mesures sont prises dans nos pays respectifs pour contenir la propagation de la <a href=\"https:\/\/www.facebook.com\/hashtag\/covid19?source=feed_text&amp;epa=HASHTAG&amp;__xts__%5B0%5D=68.ARAyVgiMvUhy269OBb6PfrvU0ID88Oi3Y9jQ84iuKNMq7CFAF_qyQVctrG_utN4Ud5QThJ-w3b7DiwZs_KD4zlvV5SzAAbmf8HvqW8cb7iMYRXBzzWnVGbOj6sfpEDxC-kNXdPi9b62zSETzNu7TKRdE-1A1ug62FdAOgyKaYsHzTDWy5IaW4tT12jeB1hEuIRibA8t55Y630Yj7wUF93Myd6-gqZCoMhsCurM1zq_aKn8vqyzZNJYwuZYaMkh3x_N8lerhWIYWc3_7bNn-VqnRkkVNkyj0OSxOe8nL4eji-U1nC9K0rEgd2As3L43jpR08hcN3XqZooo_Zd-2QUOjcg_ifVYwJEDT8&amp;__tn__=%2ANKH-R\">#COVID19<\/a>.\n Au niveau national, les actions de sensibilisation se m\u00e8nent au sein de\n la population pour faire respecter les gestes barri\u00e8res du coronavirus.<br>\n Mais un c\u00f4t\u00e9 aussi important dans cette lutte est ignor\u00e9. C\u2019est celui \nde la bonne gestion des masques et des gangs, apr\u00e8s usage.<\/p>\n\n\n\n<p>  <strong>Oui ! nous revenons encore une fois sur cet aspect essentiel, et attirons  l\u2019attention. Au sein de la population, la gestion de ces d\u00e9chets laisse \u00e0  d\u00e9sirer et doit nous inqui\u00e9ter. Dans cet \u00e9l\u00e9ment d\u2019EcoConscienceTV, le  contact est alarment. D\u00e9j\u00e0 dans certains quartiers de la capitale, l\u2019on  retrouve dans la nature des masques et gangs, apr\u00e8s usage jet\u00e9s  n\u2019importe comment et n\u2019importe o\u00f9.<\/strong><\/p>\n\n\n\n<p> Nous lan\u00e7ons un appel urgent \u00e0  tous les acteurs sur cette question, surtout une interpellation au  minist\u00e8re de l\u2019environnement, \u00e0 la direction de la formation civique du  minist\u00e8re de la communication, \u00e0 l\u2019agence nationale de l\u2019assainissement,  \u00e0 tous ceux qui sont au front dans cette crise au Togo\u2026C\u2019est une  question d\u2019hygi\u00e8ne, de sant\u00e9 publique et aussi de la protection de notre  cadre de vie, notre environnement.<br> Nous tous nous sommes conscients du  caract\u00e8re contagieux de ce virus. Si apr\u00e8s usage, ces d\u00e9chets se  retrouvent dans la nature, \u00e0 cause des gestes inciviques de certains  citoyens, c\u2019est encore un autre probl\u00e8me que l\u2019on cr\u00e9e\u2026<\/p>\n\n\n\n<p>\u201dUn corps sain  dans un environnement sain\u201c<\/p>\n\n\n\n<p><em>R.Aziaka<\/em><br><\/p>\n","protected":false},"excerpt":{"rendered":"<p>COVID-19 : Quelle gestion des d\u00e9chets issus des masques et gants, apr\u00e8s usage ? Plusieurs mesures sont prises dans nos pays respectifs pour contenir la propagation de la #COVID19. Au niveau national, les actions de sensibilisation se m\u00e8nent au sein de la population pour faire respecter les gestes barri\u00e8res du coronavirus. Mais un c\u00f4t\u00e9 aussi [&hellip;]<\/p>\n","protected":false},"author":2,"featured_media":8389,"comment_status":"open","ping_status":"open","sticky":false,"template":"","format":"video","meta":{"ec_post_video":"https:\/\/www.youtube.com\/watch?v=0OrbSg6DeHw"},"categories":[372],"tags":[],"odd":[],"_links":{"self":[{"href":"https:\/\/www.ecoconscience.tv\/api\/wp\/v2\/posts\/8388"}],"collection":[{"href":"https:\/\/www.ecoconscience.tv\/api\/wp\/v2\/posts"}],"about":[{"href":"https:\/\/www.ecoconscience.tv\/api\/wp\/v2\/types\/post"}],"author":[{"embeddable":true,"href":"https:\/\/www.ecoconscience.tv\/api\/wp\/v2\/users\/2"}],"replies":[{"embeddable":true,"href":"https:\/\/www.ecoconscience.tv\/api\/wp\/v2\/comments?post=8388"}],"version-history":[{"count":9,"href":"https:\/\/www.ecoconscience.tv\/api\/wp\/v2\/posts\/8388\/revisions"}],"predecessor-version":[{"id":8411,"href":"https:\/\/www.ecoconscience.tv\/api\/wp\/v2\/posts\/8388\/revisions\/8411"}],"wp:featuredmedia":[{"embeddable":true,"href":"https:\/\/www.ecoconscience.tv\/api\/wp\/v2\/media\/8389"}],"wp:attachment":[{"href":"https:\/\/www.ecoconscience.tv\/api\/wp\/v2\/media?parent=8388"}],"wp:term":[{"taxonomy":"category","embeddable":true,"href":"https:\/\/www.ecoconscience.tv\/api\/wp\/v2\/categories?post=8388"},{"taxonomy":"post_tag","embeddable":true,"href":"https:\/\/www.ecoconscience.tv\/api\/wp\/v2\/tags?post=8388"},{"taxonomy":"odd","embeddable":true,"href":"https:\/\/www.ecoconscience.tv\/api\/wp\/v2\/odd?post=8388"}],"curies":[{"name":"wp","href":"https:\/\/api.w.org\/{rel}","templated":true}]}}