{"id":8382,"date":"2020-03-30T20:55:06","date_gmt":"2020-03-30T20:55:06","guid":{"rendered":"https:\/\/www.ecoconscience.tv\/?p=8382"},"modified":"2020-03-30T20:56:41","modified_gmt":"2020-03-30T20:56:41","slug":"lutte-contre-le-covid-19-ved-togo-offre-masques-et-gels-de-main","status":"publish","type":"post","link":"https:\/\/www.ecoconscience.tv\/lutte-contre-le-covid-19-ved-togo-offre-masques-et-gels-de-main\/","title":{"rendered":"Lutte contre le covid-19: VED Togo offre masques et gels de main aux enfants de rue"},"content":{"rendered":"\n<figure class=\"wp-block-video\"><\/figure>\n\n\n\n<p>Avec une trentaine de cas atteints du coronavirus confirm\u00e9s \u00e0 ce jour, le Togo se bat \u00e9galement comme tous les autres pays du monde, comme un beau diable pour se d\u00e9faire de cette maladie qui rend impuissante pour l&rsquo;heure, l&rsquo;humanit\u00e9. Dans la riposte de cette pand\u00e9mie au plan national donc, de bonnes volont\u00e9s se manifestent pour accompagner le gouvernement dans cette difficile \u00e9preuve. C&rsquo;est le cas de l&rsquo;Association Voie \u00e9clair\u00e9e des enfants d\u00e9munis (VED Togo).<br>\nPour permettre aux enfants de rue du quartier Ago\u00e8 Nyiv\u00e9 de se prot\u00e9ger contre le covid-19 en effet, les membres de ladite association leur ont gratuitement offert des gels hydoalcooliques et aussi des masques le samedi 28 Mars 2020.<br>\nLes g\u00e9n\u00e9reux donateurs ont profit\u00e9 de l&rsquo;occasion, pour sensibiliser les enfants b\u00e9n\u00e9ficiaires de ce don ainsi que des passagers de la route autour du grand march\u00e9 de la localit\u00e9, sur les gestes barri\u00e8res \u00e0 adopter pour pr\u00e9venir le coronavirus.<br>\nLes d\u00e9tails sur le sujet \u00e0 suivre dans le reportage. <\/p>\n\n\n\n<p>Chris. A<\/p>\n","protected":false},"excerpt":{"rendered":"<p>Avec une trentaine de cas atteints du coronavirus confirm\u00e9s \u00e0 ce jour, le Togo se bat \u00e9galement comme tous les autres pays du monde, comme un beau diable pour se d\u00e9faire de cette maladie qui rend impuissante pour l&rsquo;heure, l&rsquo;humanit\u00e9. Dans la riposte de cette pand\u00e9mie au plan national donc, de bonnes volont\u00e9s se manifestent [&hellip;]<\/p>\n","protected":false},"author":2,"featured_media":8383,"comment_status":"open","ping_status":"open","sticky":false,"template":"","format":"video","meta":{"ec_post_video":"https:\/\/m.youtube.com\/watch?v=bhdTCd7dVMc"},"categories":[372],"tags":[],"odd":[],"_links":{"self":[{"href":"https:\/\/www.ecoconscience.tv\/api\/wp\/v2\/posts\/8382"}],"collection":[{"href":"https:\/\/www.ecoconscience.tv\/api\/wp\/v2\/posts"}],"about":[{"href":"https:\/\/www.ecoconscience.tv\/api\/wp\/v2\/types\/post"}],"author":[{"embeddable":true,"href":"https:\/\/www.ecoconscience.tv\/api\/wp\/v2\/users\/2"}],"replies":[{"embeddable":true,"href":"https:\/\/www.ecoconscience.tv\/api\/wp\/v2\/comments?post=8382"}],"version-history":[{"count":2,"href":"https:\/\/www.ecoconscience.tv\/api\/wp\/v2\/posts\/8382\/revisions"}],"predecessor-version":[{"id":8385,"href":"https:\/\/www.ecoconscience.tv\/api\/wp\/v2\/posts\/8382\/revisions\/8385"}],"wp:featuredmedia":[{"embeddable":true,"href":"https:\/\/www.ecoconscience.tv\/api\/wp\/v2\/media\/8383"}],"wp:attachment":[{"href":"https:\/\/www.ecoconscience.tv\/api\/wp\/v2\/media?parent=8382"}],"wp:term":[{"taxonomy":"category","embeddable":true,"href":"https:\/\/www.ecoconscience.tv\/api\/wp\/v2\/categories?post=8382"},{"taxonomy":"post_tag","embeddable":true,"href":"https:\/\/www.ecoconscience.tv\/api\/wp\/v2\/tags?post=8382"},{"taxonomy":"odd","embeddable":true,"href":"https:\/\/www.ecoconscience.tv\/api\/wp\/v2\/odd?post=8382"}],"curies":[{"name":"wp","href":"https:\/\/api.w.org\/{rel}","templated":true}]}}