{"id":8334,"date":"2020-02-18T21:54:17","date_gmt":"2020-02-18T21:54:17","guid":{"rendered":"https:\/\/www.ecoconscience.tv\/?p=8334"},"modified":"2020-02-18T22:04:26","modified_gmt":"2020-02-18T22:04:26","slug":"il-n-y-aura-pas-demplois-sur-une-planete-morte","status":"publish","type":"post","link":"https:\/\/www.ecoconscience.tv\/il-n-y-aura-pas-demplois-sur-une-planete-morte\/","title":{"rendered":"CSI-Afrique : Il n y aura pas d&#8217;emplois sur une plan\u00e8te morte"},"content":{"rendered":"\n<figure class=\"wp-block-video\"><\/figure>\n\n\n\n<p><a href=\"https:\/\/www.ecoconscience.tv\/2020\/actualite\/rentree-syndicale-a-csi-afrique-les-camarades-pensent-a-lavenir-du-travail\/\">R\u00e9unis du 17 au 20 f\u00e9vrier 2020 \u00e0 Lom\u00e9 pour leur rentr\u00e9e syndicale<\/a>, les camarades de la <a href=\"https:\/\/www.ituc-africa.org\/?lang=fr\">Conf\u00e9deration Syndicale Internationale-Afrique<\/a>, ont proc\u00e9d\u00e9 \u00e0 leur premier jour de travail, au lancement officiel du projet de plantation d&rsquo;arbre CSI-Afrique. Les effets du changement climatique reconnaissent-ils, menacent le travail des hommes et il faut des actions concr\u00e8tes et urgentes en vue de leurs att\u00e9nuations. <br> Ces leaders syndicalistes d\u00e9battront d&rsquo;ailleurs des questions environnementales lors de cette rencontre; d&rsquo;o\u00f9 le choix de \u00ab\u00a0changement climatique et transition juste\u00a0\u00bb comme l&rsquo;une des th\u00e9matiques \u00e0 d\u00e9velopper. La CSI-Afrique ambitionne planter au moins 50 000 arbres sur le continent.<br> Les d\u00e9tails sur le sujet \u00e0 suivre dans le reportage video.<\/p>\n\n\n\n<p>Chris. A<\/p>\n","protected":false},"excerpt":{"rendered":"<p>R\u00e9unis du 17 au 20 f\u00e9vrier 2020 \u00e0 Lom\u00e9 pour leur rentr\u00e9e syndicale, les camarades de la Conf\u00e9deration Syndicale Internationale-Afrique, ont proc\u00e9d\u00e9 \u00e0 leur premier jour de travail, au lancement officiel du projet de plantation d&rsquo;arbre CSI-Afrique. Les effets du changement climatique reconnaissent-ils, menacent le travail des hommes et il faut des actions concr\u00e8tes et [&hellip;]<\/p>\n","protected":false},"author":2,"featured_media":8339,"comment_status":"open","ping_status":"open","sticky":false,"template":"","format":"video","meta":{"ec_post_video":"https:\/\/www.youtube.com\/watch?v=kkan64h3dSc"},"categories":[2],"tags":[1864],"odd":[],"_links":{"self":[{"href":"https:\/\/www.ecoconscience.tv\/api\/wp\/v2\/posts\/8334"}],"collection":[{"href":"https:\/\/www.ecoconscience.tv\/api\/wp\/v2\/posts"}],"about":[{"href":"https:\/\/www.ecoconscience.tv\/api\/wp\/v2\/types\/post"}],"author":[{"embeddable":true,"href":"https:\/\/www.ecoconscience.tv\/api\/wp\/v2\/users\/2"}],"replies":[{"embeddable":true,"href":"https:\/\/www.ecoconscience.tv\/api\/wp\/v2\/comments?post=8334"}],"version-history":[{"count":3,"href":"https:\/\/www.ecoconscience.tv\/api\/wp\/v2\/posts\/8334\/revisions"}],"predecessor-version":[{"id":8338,"href":"https:\/\/www.ecoconscience.tv\/api\/wp\/v2\/posts\/8334\/revisions\/8338"}],"wp:featuredmedia":[{"embeddable":true,"href":"https:\/\/www.ecoconscience.tv\/api\/wp\/v2\/media\/8339"}],"wp:attachment":[{"href":"https:\/\/www.ecoconscience.tv\/api\/wp\/v2\/media?parent=8334"}],"wp:term":[{"taxonomy":"category","embeddable":true,"href":"https:\/\/www.ecoconscience.tv\/api\/wp\/v2\/categories?post=8334"},{"taxonomy":"post_tag","embeddable":true,"href":"https:\/\/www.ecoconscience.tv\/api\/wp\/v2\/tags?post=8334"},{"taxonomy":"odd","embeddable":true,"href":"https:\/\/www.ecoconscience.tv\/api\/wp\/v2\/odd?post=8334"}],"curies":[{"name":"wp","href":"https:\/\/api.w.org\/{rel}","templated":true}]}}