{"id":8329,"date":"2020-02-18T21:33:54","date_gmt":"2020-02-18T21:33:54","guid":{"rendered":"https:\/\/www.ecoconscience.tv\/?p=8329"},"modified":"2020-02-18T21:33:56","modified_gmt":"2020-02-18T21:33:56","slug":"rentree-syndicale-a-csi-afrique-les-camarades-pensent-a-lavenir-du-travail","status":"publish","type":"post","link":"https:\/\/www.ecoconscience.tv\/rentree-syndicale-a-csi-afrique-les-camarades-pensent-a-lavenir-du-travail\/","title":{"rendered":"Rentr\u00e9e syndicale \u00e0 CSI-Afrique : les camarades pensent \u00e0 l&rsquo;avenir du travail"},"content":{"rendered":"\n<figure class=\"wp-block-video\"><\/figure>\n\n\n\n<p>\u00a0\u00bb Les syndicats africains et l&rsquo;avenir du travail \u00a0\u00bb est le th\u00e8me de la 10\u00e8me \u00e9dition du forum de la rentr\u00e9e syndicale de la CSI-Afrique, ouverte ce lundi 17 f\u00e9vrier 2020 \u00e0 lom\u00e9. La centaine de syndicalistes \u00e0 ce rendez-vous discutera des questions sociales, \u00e9conomiques et politiques contemporaines qui concernent l&rsquo;Afrique.<br>\n Plusieurs th\u00e9matiques notamment, la consolidation de la d\u00e9mocratie et la promotion des droits et int\u00e9r\u00eats des travailleurs, le d\u00e9veloppement \u00e9conomique et social pour le peuple, la zone de libre \u00e9change continentale (ZLECAF) et le r\u00f4le des syndicats seront d\u00e9velopp\u00e9es tout au long de cette rencontre de 4 jours.<br>\nLes pr\u00e9cisions sur le sujet \u00e0 lire dans le reportage video.<\/p>\n\n\n\n<p>Chris. A<\/p>\n","protected":false},"excerpt":{"rendered":"<p>\u00a0\u00bb Les syndicats africains et l&rsquo;avenir du travail \u00a0\u00bb est le th\u00e8me de la 10\u00e8me \u00e9dition du forum de la rentr\u00e9e syndicale de la CSI-Afrique, ouverte ce lundi 17 f\u00e9vrier 2020 \u00e0 lom\u00e9. La centaine de syndicalistes \u00e0 ce rendez-vous discutera des questions sociales, \u00e9conomiques et politiques contemporaines qui concernent l&rsquo;Afrique. Plusieurs th\u00e9matiques notamment, la [&hellip;]<\/p>\n","protected":false},"author":2,"featured_media":8331,"comment_status":"open","ping_status":"open","sticky":false,"template":"","format":"video","meta":{"ec_post_video":"https:\/\/www.youtube.com\/watch?v=iJcOaJSSlJ0"},"categories":[372,2],"tags":[1862,1863],"odd":[],"_links":{"self":[{"href":"https:\/\/www.ecoconscience.tv\/api\/wp\/v2\/posts\/8329"}],"collection":[{"href":"https:\/\/www.ecoconscience.tv\/api\/wp\/v2\/posts"}],"about":[{"href":"https:\/\/www.ecoconscience.tv\/api\/wp\/v2\/types\/post"}],"author":[{"embeddable":true,"href":"https:\/\/www.ecoconscience.tv\/api\/wp\/v2\/users\/2"}],"replies":[{"embeddable":true,"href":"https:\/\/www.ecoconscience.tv\/api\/wp\/v2\/comments?post=8329"}],"version-history":[{"count":2,"href":"https:\/\/www.ecoconscience.tv\/api\/wp\/v2\/posts\/8329\/revisions"}],"predecessor-version":[{"id":8333,"href":"https:\/\/www.ecoconscience.tv\/api\/wp\/v2\/posts\/8329\/revisions\/8333"}],"wp:featuredmedia":[{"embeddable":true,"href":"https:\/\/www.ecoconscience.tv\/api\/wp\/v2\/media\/8331"}],"wp:attachment":[{"href":"https:\/\/www.ecoconscience.tv\/api\/wp\/v2\/media?parent=8329"}],"wp:term":[{"taxonomy":"category","embeddable":true,"href":"https:\/\/www.ecoconscience.tv\/api\/wp\/v2\/categories?post=8329"},{"taxonomy":"post_tag","embeddable":true,"href":"https:\/\/www.ecoconscience.tv\/api\/wp\/v2\/tags?post=8329"},{"taxonomy":"odd","embeddable":true,"href":"https:\/\/www.ecoconscience.tv\/api\/wp\/v2\/odd?post=8329"}],"curies":[{"name":"wp","href":"https:\/\/api.w.org\/{rel}","templated":true}]}}