{"id":8306,"date":"2020-02-09T03:17:51","date_gmt":"2020-02-09T03:17:51","guid":{"rendered":"https:\/\/www.ecoconscience.tv\/?p=8306"},"modified":"2020-02-13T12:54:34","modified_gmt":"2020-02-13T12:54:34","slug":"valorisation-des-dechets-long-stadd-passe-a-letape-du-tri-selectif-avec-les-jeunes","status":"publish","type":"post","link":"https:\/\/www.ecoconscience.tv\/valorisation-des-dechets-long-stadd-passe-a-letape-du-tri-selectif-avec-les-jeunes\/","title":{"rendered":"Valorisation des d\u00e9chets : L\u2019Ong Stadd passe \u00e0 l\u2019\u00e9tape du tri s\u00e9lectif avec les jeunes"},"content":{"rendered":"\n<figure class=\"wp-block-video\"><\/figure>\n\n\n\n<p>Le Lyc\u00e9e d\u2019Ago\u00e8-Nyiv\u00e9 Nord a b\u00e9n\u00e9fici\u00e9 le 31 janvier 2020 de la part de l\u2019ONG Science et Technologie africaines pour un d\u00e9veloppement durable (STADD), d\u2019un lot d\u2019\u00e9quipements compos\u00e9 de 60 poubelles de tri s\u00e9lectif, 5 composteurs, 5 grilles de compostage et des mat\u00e9riels d\u2019assainissement. L\u2019activit\u00e9 s\u2019inscrit en r\u00e9alit\u00e9, dans le nouveau partenariat qui lie cette ONG \u00e0 France Volontaire avec l\u2019appui technique et financier de l\u2019Union europ\u00e9enne sur le projet AVENIR (Action des Volontaires Europ\u00e9ens et Nationaux Investis pour la R\u00e9silience), en vue de la capitalisation des acquis du projet \u00ab initiation des jeunes \u00e0 la gestion \u00e9cologique et durable des d\u00e9chets \u00bb que l\u2019ONG STADD avait men\u00e9 avec brio il y a quelques mois. <br>\nAu total, cinq \u00e9tablissements scolaires dans la commune Ago\u00e8-Nyiv\u00e9 1 b\u00e9n\u00e9ficieront de cet accompagnement afin d\u2019amener les jeunes \u00e9l\u00e8ves \u00e0 mieux valoriser les d\u00e9chets \u00e0 travers le tri s\u00e9lectif. Ils seront par exemple, form\u00e9s au compostage \u00e0 partir des d\u00e9chets.<br>\nLes d\u00e9tails sur le sujet \u00e0 lire dans le reportage.<br>\nChris A.<\/p>\n","protected":false},"excerpt":{"rendered":"<p>Le Lyc\u00e9e d\u2019Ago\u00e8-Nyiv\u00e9 Nord a b\u00e9n\u00e9fici\u00e9 le 31 janvier 2020 de la part de l\u2019ONG Science et Technologie africaines pour un d\u00e9veloppement durable (STADD), d\u2019un lot d\u2019\u00e9quipements compos\u00e9 de 60 poubelles de tri s\u00e9lectif, 5 composteurs, 5 grilles de compostage et des mat\u00e9riels d\u2019assainissement. L\u2019activit\u00e9 s\u2019inscrit en r\u00e9alit\u00e9, dans le nouveau partenariat qui lie cette [&hellip;]<\/p>\n","protected":false},"author":2,"featured_media":8307,"comment_status":"open","ping_status":"open","sticky":false,"template":"","format":"video","meta":{"ec_post_video":"https:\/\/www.youtube.com\/watch?v=5M90BM4uSiU"},"categories":[2],"tags":[],"odd":[],"_links":{"self":[{"href":"https:\/\/www.ecoconscience.tv\/api\/wp\/v2\/posts\/8306"}],"collection":[{"href":"https:\/\/www.ecoconscience.tv\/api\/wp\/v2\/posts"}],"about":[{"href":"https:\/\/www.ecoconscience.tv\/api\/wp\/v2\/types\/post"}],"author":[{"embeddable":true,"href":"https:\/\/www.ecoconscience.tv\/api\/wp\/v2\/users\/2"}],"replies":[{"embeddable":true,"href":"https:\/\/www.ecoconscience.tv\/api\/wp\/v2\/comments?post=8306"}],"version-history":[{"count":3,"href":"https:\/\/www.ecoconscience.tv\/api\/wp\/v2\/posts\/8306\/revisions"}],"predecessor-version":[{"id":8317,"href":"https:\/\/www.ecoconscience.tv\/api\/wp\/v2\/posts\/8306\/revisions\/8317"}],"wp:featuredmedia":[{"embeddable":true,"href":"https:\/\/www.ecoconscience.tv\/api\/wp\/v2\/media\/8307"}],"wp:attachment":[{"href":"https:\/\/www.ecoconscience.tv\/api\/wp\/v2\/media?parent=8306"}],"wp:term":[{"taxonomy":"category","embeddable":true,"href":"https:\/\/www.ecoconscience.tv\/api\/wp\/v2\/categories?post=8306"},{"taxonomy":"post_tag","embeddable":true,"href":"https:\/\/www.ecoconscience.tv\/api\/wp\/v2\/tags?post=8306"},{"taxonomy":"odd","embeddable":true,"href":"https:\/\/www.ecoconscience.tv\/api\/wp\/v2\/odd?post=8306"}],"curies":[{"name":"wp","href":"https:\/\/api.w.org\/{rel}","templated":true}]}}