{"id":8224,"date":"2019-12-22T12:45:39","date_gmt":"2019-12-22T12:45:39","guid":{"rendered":"https:\/\/www.ecoconscience.tv\/?p=8224"},"modified":"2019-12-22T12:48:17","modified_gmt":"2019-12-22T12:48:17","slug":"rubrique-ecosport-amoureux-du-sport-ecolo","status":"publish","type":"post","link":"https:\/\/www.ecoconscience.tv\/rubrique-ecosport-amoureux-du-sport-ecolo\/","title":{"rendered":"Nouvelle rubrique EcoSport pour les amoureux du Sport \u00c9colo"},"content":{"rendered":"\n<figure class=\"wp-block-image\"><img loading=\"lazy\" width=\"1024\" height=\"576\" src=\"https:\/\/www.ecoconscience.tv\/wp-content\/uploads\/2019\/12\/20191222_120533-2-1024x576.png\" alt=\"\" class=\"wp-image-8229\" srcset=\"https:\/\/www.ecoconscience.tv\/wp-content\/uploads\/2019\/12\/20191222_120533-2-1024x576.png 1024w, https:\/\/www.ecoconscience.tv\/wp-content\/uploads\/2019\/12\/20191222_120533-2-300x169.png 300w, https:\/\/www.ecoconscience.tv\/wp-content\/uploads\/2019\/12\/20191222_120533-2-768x432.png 768w, https:\/\/www.ecoconscience.tv\/wp-content\/uploads\/2019\/12\/20191222_120533-2-253x142.png 253w, https:\/\/www.ecoconscience.tv\/wp-content\/uploads\/2019\/12\/20191222_120533-2.png 1063w\" sizes=\"(max-width: 1024px) 100vw, 1024px\" \/><\/figure>\n\n\n\n<div class=\"wp-block-media-text alignwide\"><figure class=\"wp-block-media-text__media\"><video controls src=\"https:\/\/www.ecoconscience.tv\/wp-content\/uploads\/2019\/12\/20191222_120454.png\"><\/video><\/figure><div class=\"wp-block-media-text__content\">\n<p class=\"has-large-font-size\"><\/p>\n<\/div><\/div>\n\n\n\n<p class=\"has-drop-cap\">Environnement et Sport, \u00e7a vous dit ? Y a-t-il un lien? <br> Eh bien! C&rsquo;est ce que nous allons d\u00e9couvrir dans EcoSport, une nouvelle rubrique sur votre cha\u00eene  #EcoConscienceTV <br> Les amoureux du Sport, ne manquez le rendez-vous chaque mois avec Michel Ajavoin. Premier num\u00e9ro la semaine prochaine.<br> EcoSport vous am\u00e8ne dans le Sport \u00c9colo????\u200d\u2640\ufe0f????\u200d\u2642\ufe0f\u2026<\/p>\n","protected":false},"excerpt":{"rendered":"<p>Environnement et Sport, \u00e7a vous dit ? Y a-t-il un lien? Eh bien! C&rsquo;est ce que nous allons d\u00e9couvrir dans EcoSport, une nouvelle rubrique sur votre cha\u00eene #EcoConscienceTV Les amoureux du Sport, ne manquez le rendez-vous chaque mois avec Michel Ajavoin. Premier num\u00e9ro la semaine prochaine. EcoSport vous am\u00e8ne dans le Sport \u00c9colo????\u200d\u2640\ufe0f????\u200d\u2642\ufe0f\u2026<\/p>\n","protected":false},"author":2,"featured_media":8228,"comment_status":"open","ping_status":"open","sticky":false,"template":"","format":"video","meta":{"ec_post_video":"https:\/\/www.youtube.com\/watch?v=J2TT7P_QLc8"},"categories":[372],"tags":[1136,1843,1844,120],"odd":[],"_links":{"self":[{"href":"https:\/\/www.ecoconscience.tv\/api\/wp\/v2\/posts\/8224"}],"collection":[{"href":"https:\/\/www.ecoconscience.tv\/api\/wp\/v2\/posts"}],"about":[{"href":"https:\/\/www.ecoconscience.tv\/api\/wp\/v2\/types\/post"}],"author":[{"embeddable":true,"href":"https:\/\/www.ecoconscience.tv\/api\/wp\/v2\/users\/2"}],"replies":[{"embeddable":true,"href":"https:\/\/www.ecoconscience.tv\/api\/wp\/v2\/comments?post=8224"}],"version-history":[{"count":6,"href":"https:\/\/www.ecoconscience.tv\/api\/wp\/v2\/posts\/8224\/revisions"}],"predecessor-version":[{"id":8235,"href":"https:\/\/www.ecoconscience.tv\/api\/wp\/v2\/posts\/8224\/revisions\/8235"}],"wp:featuredmedia":[{"embeddable":true,"href":"https:\/\/www.ecoconscience.tv\/api\/wp\/v2\/media\/8228"}],"wp:attachment":[{"href":"https:\/\/www.ecoconscience.tv\/api\/wp\/v2\/media?parent=8224"}],"wp:term":[{"taxonomy":"category","embeddable":true,"href":"https:\/\/www.ecoconscience.tv\/api\/wp\/v2\/categories?post=8224"},{"taxonomy":"post_tag","embeddable":true,"href":"https:\/\/www.ecoconscience.tv\/api\/wp\/v2\/tags?post=8224"},{"taxonomy":"odd","embeddable":true,"href":"https:\/\/www.ecoconscience.tv\/api\/wp\/v2\/odd?post=8224"}],"curies":[{"name":"wp","href":"https:\/\/api.w.org\/{rel}","templated":true}]}}