{"id":822,"date":"2016-08-31T18:28:11","date_gmt":"2016-08-31T17:28:11","guid":{"rendered":"https:\/\/www.ecoconscience.tv\/?p=822"},"modified":"2017-02-24T05:36:16","modified_gmt":"2017-02-24T05:36:16","slug":"maroc-monde-rural-admr-un-travail-dans-lombre","status":"publish","type":"post","link":"https:\/\/www.ecoconscience.tv\/maroc-monde-rural-admr-un-travail-dans-lombre\/","title":{"rendered":"Maroc, monde rural : ADMR, un travail dans l\u2019ombre qui m\u00e9rite d\u2019\u00eatre mis en lumi\u00e8re"},"content":{"rendered":"<p style=\"text-align: justify;\">Cr\u00e9\u00e9e le 29 d\u00e9cembre 1997, l\u2019<span style=\"color: #008000;\"><a style=\"color: #008000;\" href=\"http:\/\/desenclavement.admr-maroc.com\/index.php?op=edito\" target=\"_blank\">ADMR<\/a> <\/span>(Association du D\u00e9veloppement du Monde Rural) est une organisation marocaine qui \u0153uvre pour le bien-\u00eatre des communaut\u00e9s du monde Rural.<br \/>\nReconnue d\u2019utilit\u00e9 publique par d\u00e9cret du 6 juin 2013, elle intervient dans les domaines de D\u00e9senclavement de la population rurale, Am\u00e9nagement int\u00e9gr\u00e9 des douars, Formation des jeunes ruraux, D\u00e9veloppement agricole, \u00c9nergies renouvelables et protection de l\u2019environnement, Hygi\u00e8ne et Sant\u00e9.<\/p>\n<p style=\"text-align: justify;\">Son pr\u00e9sident actuel est Monsieur <span style=\"color: green;\"><a href=\"https:\/\/fr.wikipedia.org\/wiki\/Isma%C3%AFl_Alaoui\" target=\"_blank\"><span style=\"color: green;\">Isma\u00efl Alaoui<\/span><\/a><\/span>, ancien Ministre de l\u2019\u00c9ducation Nationale dans le gouvernement El-Youssoufi I ; et de l\u2019Agriculture du D\u00e9veloppement rural et des Eaux et For\u00eats dans le gouvernement El-Youssoufi II.<br \/>\nInvit\u00e9 sp\u00e9cial de ce nouveau num\u00e9ro de l\u2019\u00e9mission Ecologie et Conscience lors de notre passage au <span style=\"color: #993300;\"><a href=\"https:\/\/fr.wikipedia.org\/wiki\/Maroc\" target=\"_blank\"><span style=\"color: #993300;\">Maroc<\/span><\/a><\/span>, il nous parle de son association ADMR et ses activit\u00e9s dans le monde rural marocain.<br \/>\n\u00c9galement en ce qui concerne l\u2019actualit\u00e9 de son pays sur la <span style=\"color: #008000;\"><a style=\"color: #008000;\" href=\"http:\/\/www.cop22-morocco.com\/fr\/\" target=\"_blank\">COP22<\/a><\/span>, l\u2019ancien ministre\u00a0 n\u2019a pass\u00e9 sous silence.<\/p>\n<p style=\"text-align: justify;\">Suivez plut\u00f4t\u2026<\/p>\n","protected":false},"excerpt":{"rendered":"<p>Cr\u00e9\u00e9e le 29 d\u00e9cembre 1997, l\u2019ADMR (Association du D\u00e9veloppement du Monde Rural) est une organisation marocaine qui \u0153uvre pour le bien-\u00eatre des communaut\u00e9s du monde Rural. Reconnue d\u2019utilit\u00e9 publique par d\u00e9cret du 6 juin 2013, elle intervient dans les domaines de D\u00e9senclavement de la population rurale, Am\u00e9nagement int\u00e9gr\u00e9 des douars, Formation des jeunes ruraux, D\u00e9veloppement [&hellip;]<\/p>\n","protected":false},"author":2,"featured_media":3908,"comment_status":"open","ping_status":"open","sticky":false,"template":"","format":"video","meta":{"ec_post_video":""},"categories":[372],"tags":[123,302,329,117,300,328,24],"odd":[],"_links":{"self":[{"href":"https:\/\/www.ecoconscience.tv\/api\/wp\/v2\/posts\/822"}],"collection":[{"href":"https:\/\/www.ecoconscience.tv\/api\/wp\/v2\/posts"}],"about":[{"href":"https:\/\/www.ecoconscience.tv\/api\/wp\/v2\/types\/post"}],"author":[{"embeddable":true,"href":"https:\/\/www.ecoconscience.tv\/api\/wp\/v2\/users\/2"}],"replies":[{"embeddable":true,"href":"https:\/\/www.ecoconscience.tv\/api\/wp\/v2\/comments?post=822"}],"version-history":[{"count":5,"href":"https:\/\/www.ecoconscience.tv\/api\/wp\/v2\/posts\/822\/revisions"}],"predecessor-version":[{"id":829,"href":"https:\/\/www.ecoconscience.tv\/api\/wp\/v2\/posts\/822\/revisions\/829"}],"wp:featuredmedia":[{"embeddable":true,"href":"https:\/\/www.ecoconscience.tv\/api\/wp\/v2\/media\/3908"}],"wp:attachment":[{"href":"https:\/\/www.ecoconscience.tv\/api\/wp\/v2\/media?parent=822"}],"wp:term":[{"taxonomy":"category","embeddable":true,"href":"https:\/\/www.ecoconscience.tv\/api\/wp\/v2\/categories?post=822"},{"taxonomy":"post_tag","embeddable":true,"href":"https:\/\/www.ecoconscience.tv\/api\/wp\/v2\/tags?post=822"},{"taxonomy":"odd","embeddable":true,"href":"https:\/\/www.ecoconscience.tv\/api\/wp\/v2\/odd?post=822"}],"curies":[{"name":"wp","href":"https:\/\/api.w.org\/{rel}","templated":true}]}}