{"id":8163,"date":"2019-12-03T17:03:03","date_gmt":"2019-12-03T17:03:03","guid":{"rendered":"https:\/\/www.ecoconscience.tv\/?p=8163"},"modified":"2022-03-29T22:38:08","modified_gmt":"2022-03-29T22:38:08","slug":"lome-55eme-session-du-cibt","status":"publish","type":"post","link":"https:\/\/www.ecoconscience.tv\/lome-55eme-session-du-cibt\/","title":{"rendered":"55\u00e8me session du CIBT \u00e0 Lom\u00e9: On ne peut plus rien faire aujourd&rsquo;hui sans penser au climat"},"content":{"rendered":"\n<figure class=\"wp-block-video\"><\/figure>\n\n\n\n<p>La 55\u00e8me session du conseil international des bois tropicaux (CIBT) a \u00e9t\u00e9 ouverte ce lundi 02 decembre 2019 \u00e0 Lom\u00e9. Elle r\u00e9unit pr\u00e8s de 300 participants  venus de plusieurs pays du monde, producteurs ou consommateurs de bois avec la mission principale, de discuter des questions relatives \u00e0 la gestion durale des \u00e9cosyst\u00e8mes forestiers. Le changement climatique, c&rsquo;est l&rsquo;autre enjeu de cette rencontre d&rsquo;envergure qui \u00e9voquera les mesures suppl\u00e9mentaires \u00e0 prendre pour que la for\u00eat puisse convenablement jouer le r\u00f4le qui est le tien dans la r\u00e9gulation climatique.<br> Membre de l&rsquo;OIBT depuis 1990, le Togo, pays h\u00f4te de ce sommet, compte en profiter pour b\u00e9n\u00e9ficier d&rsquo;un financement de l&rsquo;ordre d&rsquo;un million neuf cent vingt six mille trois cent dix-huit dollars US pour la mise en oeuvre d&rsquo;un avant projet de loi et de trois autres projets.<\/p>\n\n\n\n<p>Les d\u00e9tails sur le sujet \u00e0 suivre dans ce dossier.<\/p>\n\n\n\n<p>Chris. A<\/p>\n","protected":false},"excerpt":{"rendered":"<p>La 55\u00e8me session du conseil international des bois tropicaux (CIBT) a \u00e9t\u00e9 ouverte ce lundi 02 decembre 2019 \u00e0 Lom\u00e9. Elle r\u00e9unit pr\u00e8s de 300 participants venus de plusieurs pays du monde, producteurs ou consommateurs de bois avec la mission principale, de discuter des questions relatives \u00e0 la gestion durale des \u00e9cosyst\u00e8mes forestiers. Le changement [&hellip;]<\/p>\n","protected":false},"author":2,"featured_media":8164,"comment_status":"open","ping_status":"open","sticky":false,"template":"","format":"video","meta":{"ec_post_video":"https:\/\/www.youtube.com\/watch?v=glJYF_yVJjI"},"categories":[372],"tags":[],"odd":[],"_links":{"self":[{"href":"https:\/\/www.ecoconscience.tv\/api\/wp\/v2\/posts\/8163"}],"collection":[{"href":"https:\/\/www.ecoconscience.tv\/api\/wp\/v2\/posts"}],"about":[{"href":"https:\/\/www.ecoconscience.tv\/api\/wp\/v2\/types\/post"}],"author":[{"embeddable":true,"href":"https:\/\/www.ecoconscience.tv\/api\/wp\/v2\/users\/2"}],"replies":[{"embeddable":true,"href":"https:\/\/www.ecoconscience.tv\/api\/wp\/v2\/comments?post=8163"}],"version-history":[{"count":6,"href":"https:\/\/www.ecoconscience.tv\/api\/wp\/v2\/posts\/8163\/revisions"}],"predecessor-version":[{"id":9587,"href":"https:\/\/www.ecoconscience.tv\/api\/wp\/v2\/posts\/8163\/revisions\/9587"}],"wp:featuredmedia":[{"embeddable":true,"href":"https:\/\/www.ecoconscience.tv\/api\/wp\/v2\/media\/8164"}],"wp:attachment":[{"href":"https:\/\/www.ecoconscience.tv\/api\/wp\/v2\/media?parent=8163"}],"wp:term":[{"taxonomy":"category","embeddable":true,"href":"https:\/\/www.ecoconscience.tv\/api\/wp\/v2\/categories?post=8163"},{"taxonomy":"post_tag","embeddable":true,"href":"https:\/\/www.ecoconscience.tv\/api\/wp\/v2\/tags?post=8163"},{"taxonomy":"odd","embeddable":true,"href":"https:\/\/www.ecoconscience.tv\/api\/wp\/v2\/odd?post=8163"}],"curies":[{"name":"wp","href":"https:\/\/api.w.org\/{rel}","templated":true}]}}