{"id":8110,"date":"2019-11-13T02:42:23","date_gmt":"2019-11-13T02:42:23","guid":{"rendered":"https:\/\/www.ecoconscience.tv\/?p=8110"},"modified":"2019-11-23T22:02:29","modified_gmt":"2019-11-23T22:02:29","slug":"rencontre-regionale-fao-nouvelle-approcheon-alimentation-agriculture-durable-dans-le-cadre-des-odd","status":"publish","type":"post","link":"https:\/\/www.ecoconscience.tv\/rencontre-regionale-fao-nouvelle-approcheon-alimentation-agriculture-durable-dans-le-cadre-des-odd\/","title":{"rendered":"FAO \/ Nouvelle Approche pour l\u2019Int\u00e9gration de l&rsquo;Alimentation et l&rsquo;Agriculture Durable dans le cadre des ODD"},"content":{"rendered":"\n<figure class=\"wp-block-video\"><\/figure>\n\n\n\n<p><strong>L\u2019agriculture et\nles&nbsp; ODD <\/strong><\/p>\n\n\n\n<blockquote class=\"wp-block-quote\"><p><em> \u00ab\u00a0La bonne gestion de l&rsquo;agriculture et des ressources naturelles joue un  r\u00f4le pivot dans la r\u00e9alisation de nombreux ODD. Le d\u00e9veloppement des  syst\u00e8mes alimentaires constitue un indicateur de r\u00e9ussite cl\u00e9 et  permettra de savoir si la plupart des objectifs de d\u00e9veloppement durable  sont atteints.\u00a0\u00bb<\/em><\/p><cite><strong>FAO, atelier r\u00e9gional Dakar 2019<\/strong><\/cite><\/blockquote>\n\n\n\n<p><a href=\"http:\/\/www.fao.org\/africa\/fr\/\">L\u2019Organisation des Nations Unies pour l\u2019Alimentation et l\u2019Agriculture (FAO)<\/a> r\u00e9unit\u00a0 12 pays de l\u2019Afrique francophone (Benin, Burkina Faso, Burundi, Cameroun, Cote d\u2019Ivoire, Djibouti, Gabon, Guin\u00e9e, Mali, S\u00e9n\u00e9gal, Tchad et Togo), en un atelier regional du 12 au 14 novembre 2019,  \u00e0 Dakar, Senegal.   <\/p>\n\n\n\n<p class=\"has-drop-cap\">Selon <a href=\"http:\/\/www.fao.org\/africa\/west-africa\/subregional-coordinator\/fr\/\">M.Robert Guei<\/a>, repr\u00e9sentant sous-r\u00e9gional et repr\u00e9sentant de la FAO au Senegal, ce rendez-vous regroupant les pays participants est d\u2019une importance capitale pour la FAO qui \u0153uvre pour une agriculture durable.  \u00ab\u00a0Il est n\u00e9cessaire de trouver des moyens nouveaux et efficaces pour rehausser la participation du secteur priv\u00e9 et de la soci\u00e9t\u00e9 civile, ainsi que de mobiliser les investissements, autant d&rsquo;\u00e9l\u00e9ments indispensables \u00e0 la r\u00e9alisation des Objectifs de<br> D\u00e9veloppement Durable\u00a0\u00bb.<\/p>\n\n\n\n<p>La FAO a publi\u00e9 un document d&rsquo;orientation intitul\u00e9 \u00ab Transformer l&rsquo;alimentation et l&rsquo;agriculture pour r\u00e9aliser les objectifs de d\u00e9veloppement durable\u00bb afin d&rsquo;aider les pays \u00e0 planifier et allouer les ressources dans le cadre du Programme de d\u00e9veloppement durable \u00e0 l&rsquo;horizon 2030. Ce document comporte 20 actions d\u00e9crivant les approches, les pratiques, les politiques et les outils int\u00e9grant les trois dimensions du d\u00e9veloppement durable (\u00e9conomique, social et environnemental). Il implique une participation et des partenariats entre diff\u00e9rentes parties prenantes.<\/p>\n\n\n\n<p>Plus de d\u00e9tails sur les objectifs de cette rencontre&#8230;<\/p>\n\n\n\n<p><em><a href=\"https:\/\/www.facebook.com\/RolandeDjatougbeAziaka\">Rolande Aziaka<\/a>, depuis Dakar, S\u00e9n\u00e9gal<\/em><\/p>\n","protected":false},"excerpt":{"rendered":"<p>L\u2019agriculture et les&nbsp; ODD \u00ab\u00a0La bonne gestion de l&rsquo;agriculture et des ressources naturelles joue un r\u00f4le pivot dans la r\u00e9alisation de nombreux ODD. Le d\u00e9veloppement des syst\u00e8mes alimentaires constitue un indicateur de r\u00e9ussite cl\u00e9 et permettra de savoir si la plupart des objectifs de d\u00e9veloppement durable sont atteints.\u00a0\u00bb FAO, atelier r\u00e9gional Dakar 2019 L\u2019Organisation des [&hellip;]<\/p>\n","protected":false},"author":2,"featured_media":8111,"comment_status":"open","ping_status":"open","sticky":false,"template":"","format":"video","meta":{"ec_post_video":"https:\/\/www.youtube.com\/watch?v=2dH-CNp1s2c"},"categories":[372],"tags":[1836,1162,971,1834,1835,1837],"odd":[],"_links":{"self":[{"href":"https:\/\/www.ecoconscience.tv\/api\/wp\/v2\/posts\/8110"}],"collection":[{"href":"https:\/\/www.ecoconscience.tv\/api\/wp\/v2\/posts"}],"about":[{"href":"https:\/\/www.ecoconscience.tv\/api\/wp\/v2\/types\/post"}],"author":[{"embeddable":true,"href":"https:\/\/www.ecoconscience.tv\/api\/wp\/v2\/users\/2"}],"replies":[{"embeddable":true,"href":"https:\/\/www.ecoconscience.tv\/api\/wp\/v2\/comments?post=8110"}],"version-history":[{"count":6,"href":"https:\/\/www.ecoconscience.tv\/api\/wp\/v2\/posts\/8110\/revisions"}],"predecessor-version":[{"id":8124,"href":"https:\/\/www.ecoconscience.tv\/api\/wp\/v2\/posts\/8110\/revisions\/8124"}],"wp:featuredmedia":[{"embeddable":true,"href":"https:\/\/www.ecoconscience.tv\/api\/wp\/v2\/media\/8111"}],"wp:attachment":[{"href":"https:\/\/www.ecoconscience.tv\/api\/wp\/v2\/media?parent=8110"}],"wp:term":[{"taxonomy":"category","embeddable":true,"href":"https:\/\/www.ecoconscience.tv\/api\/wp\/v2\/categories?post=8110"},{"taxonomy":"post_tag","embeddable":true,"href":"https:\/\/www.ecoconscience.tv\/api\/wp\/v2\/tags?post=8110"},{"taxonomy":"odd","embeddable":true,"href":"https:\/\/www.ecoconscience.tv\/api\/wp\/v2\/odd?post=8110"}],"curies":[{"name":"wp","href":"https:\/\/api.w.org\/{rel}","templated":true}]}}