{"id":8080,"date":"2019-11-04T17:13:18","date_gmt":"2019-11-04T17:13:18","guid":{"rendered":"https:\/\/www.ecoconscience.tv\/?p=8080"},"modified":"2019-11-04T18:55:19","modified_gmt":"2019-11-04T18:55:19","slug":"exclusif-changement-climatique-a-landa","status":"publish","type":"post","link":"https:\/\/www.ecoconscience.tv\/exclusif-changement-climatique-a-landa\/","title":{"rendered":"|Exclusif| Changement climatique \u00e0 Landa : les r\u00e9percussions sur la production d&rsquo;ignames"},"content":{"rendered":"\n<figure class=\"wp-block-video\"><\/figure>\n\n\n\n<p> Votre chaine vous pr\u00e9sente le dossier exclusif, r\u00e9alis\u00e9 par la stagiaire  <a href=\"https:\/\/www.facebook.com\/pauline.thibaud\">Pauline Thibaud<\/a>, de nationalit\u00e9 fran\u00e7aise (\u00e9tudiante \u00e0 l\u2019universit\u00e9 de  Bordeaux)  lors de son s\u00e9jour au Togo, dans le canton de Landa, au nord  du pays, en collaboration avec l&rsquo;Association des Cadres de Landa.  <\/p>\n\n\n\n<p class=\"has-drop-cap\">Dans ce  dossier, d\u00e9couvrons comment le changement climatique se  manifeste dans cette partie du Togo, et sp\u00e9cialement ses r\u00e9percussions  sur la production d&rsquo;ignames, l&rsquo;une des denr\u00e9es dont vivent les paysans  dans ce canton&#8230; <\/p>\n\n\n\n<p>(Une production d&rsquo;EcoConscience TV) Copyright ao\u00fbt 2019. <\/p>\n","protected":false},"excerpt":{"rendered":"<p>Votre chaine vous pr\u00e9sente le dossier exclusif, r\u00e9alis\u00e9 par la stagiaire Pauline Thibaud, de nationalit\u00e9 fran\u00e7aise (\u00e9tudiante \u00e0 l\u2019universit\u00e9 de Bordeaux) lors de son s\u00e9jour au Togo, dans le canton de Landa, au nord du pays, en collaboration avec l&rsquo;Association des Cadres de Landa. Dans ce dossier, d\u00e9couvrons comment le changement climatique se manifeste dans [&hellip;]<\/p>\n","protected":false},"author":2,"featured_media":8081,"comment_status":"open","ping_status":"open","sticky":false,"template":"","format":"video","meta":{"ec_post_video":"https:\/\/www.youtube.com\/watch?v=spMu2WgirgM"},"categories":[372],"tags":[1830,1136,6,1832,15],"odd":[],"_links":{"self":[{"href":"https:\/\/www.ecoconscience.tv\/api\/wp\/v2\/posts\/8080"}],"collection":[{"href":"https:\/\/www.ecoconscience.tv\/api\/wp\/v2\/posts"}],"about":[{"href":"https:\/\/www.ecoconscience.tv\/api\/wp\/v2\/types\/post"}],"author":[{"embeddable":true,"href":"https:\/\/www.ecoconscience.tv\/api\/wp\/v2\/users\/2"}],"replies":[{"embeddable":true,"href":"https:\/\/www.ecoconscience.tv\/api\/wp\/v2\/comments?post=8080"}],"version-history":[{"count":6,"href":"https:\/\/www.ecoconscience.tv\/api\/wp\/v2\/posts\/8080\/revisions"}],"predecessor-version":[{"id":8087,"href":"https:\/\/www.ecoconscience.tv\/api\/wp\/v2\/posts\/8080\/revisions\/8087"}],"wp:featuredmedia":[{"embeddable":true,"href":"https:\/\/www.ecoconscience.tv\/api\/wp\/v2\/media\/8081"}],"wp:attachment":[{"href":"https:\/\/www.ecoconscience.tv\/api\/wp\/v2\/media?parent=8080"}],"wp:term":[{"taxonomy":"category","embeddable":true,"href":"https:\/\/www.ecoconscience.tv\/api\/wp\/v2\/categories?post=8080"},{"taxonomy":"post_tag","embeddable":true,"href":"https:\/\/www.ecoconscience.tv\/api\/wp\/v2\/tags?post=8080"},{"taxonomy":"odd","embeddable":true,"href":"https:\/\/www.ecoconscience.tv\/api\/wp\/v2\/odd?post=8080"}],"curies":[{"name":"wp","href":"https:\/\/api.w.org\/{rel}","templated":true}]}}