{"id":7975,"date":"2019-09-24T21:20:59","date_gmt":"2019-09-24T21:20:59","guid":{"rendered":"https:\/\/www.ecoconscience.tv\/?p=7975"},"modified":"2019-10-04T19:12:42","modified_gmt":"2019-10-04T19:12:42","slug":"semaine-europeenne-climat-togo","status":"publish","type":"post","link":"https:\/\/www.ecoconscience.tv\/semaine-europeenne-climat-togo\/","title":{"rendered":"Climat: D\u00e9cidons tous d&rsquo;agir maintenant"},"content":{"rendered":"\n<figure class=\"wp-block-video\"><\/figure>\n\n\n\n<p class=\"has-drop-cap\">La semaine europ\u00e9enne de la diplomatie climatique, l&rsquo;\u00e9dition 2019 a officiellement \u00e9t\u00e9 lanc\u00e9 ce lundi 23 septembre \u00e0 Lom\u00e9. \u00c0 l&rsquo;heure o\u00f9 beaucoup critiquent l&rsquo;inaction des d\u00e9cideurs du monde face \u00e0 la r\u00e9alit\u00e9 des effets du changement climatique, il s&rsquo;est agi pour les diplomates europ\u00e9ens en place au Togo, notamment de la France, de l&rsquo;Allemagne et de la repr\u00e9sentation de l&rsquo;UE au Togo de rappeler les actions climatiques qu&rsquo;ils accompagnent dans le pays. <\/p>\n\n\n\n<p>Aussi, ont-ils appel\u00e9 \u00e0 une synergie d&rsquo;actions pour qu&rsquo;\u00e0 tous les niveaux, de vraies mesures se prennent pour une lutte efficace contre le r\u00e9chauffement climatique.<\/p>\n\n\n\n<p> Les d\u00e9tails \u00e0 suivre dans le reportage.<\/p>\n\n\n\n<p>Chris A.<\/p>\n","protected":false},"excerpt":{"rendered":"<p>La semaine europ\u00e9enne de la diplomatie climatique, l&rsquo;\u00e9dition 2019 a officiellement \u00e9t\u00e9 lanc\u00e9 ce lundi 23 septembre \u00e0 Lom\u00e9. \u00c0 l&rsquo;heure o\u00f9 beaucoup critiquent l&rsquo;inaction des d\u00e9cideurs du monde face \u00e0 la r\u00e9alit\u00e9 des effets du changement climatique, il s&rsquo;est agi pour les diplomates europ\u00e9ens en place au Togo, notamment de la France, de l&rsquo;Allemagne [&hellip;]<\/p>\n","protected":false},"author":2,"featured_media":7976,"comment_status":"open","ping_status":"open","sticky":false,"template":"","format":"video","meta":{"ec_post_video":"https:\/\/www.youtube.com\/watch?v=TiRrpLU7Vqo"},"categories":[372,2],"tags":[359,11,1110,1579],"odd":[],"_links":{"self":[{"href":"https:\/\/www.ecoconscience.tv\/api\/wp\/v2\/posts\/7975"}],"collection":[{"href":"https:\/\/www.ecoconscience.tv\/api\/wp\/v2\/posts"}],"about":[{"href":"https:\/\/www.ecoconscience.tv\/api\/wp\/v2\/types\/post"}],"author":[{"embeddable":true,"href":"https:\/\/www.ecoconscience.tv\/api\/wp\/v2\/users\/2"}],"replies":[{"embeddable":true,"href":"https:\/\/www.ecoconscience.tv\/api\/wp\/v2\/comments?post=7975"}],"version-history":[{"count":2,"href":"https:\/\/www.ecoconscience.tv\/api\/wp\/v2\/posts\/7975\/revisions"}],"predecessor-version":[{"id":7978,"href":"https:\/\/www.ecoconscience.tv\/api\/wp\/v2\/posts\/7975\/revisions\/7978"}],"wp:featuredmedia":[{"embeddable":true,"href":"https:\/\/www.ecoconscience.tv\/api\/wp\/v2\/media\/7976"}],"wp:attachment":[{"href":"https:\/\/www.ecoconscience.tv\/api\/wp\/v2\/media?parent=7975"}],"wp:term":[{"taxonomy":"category","embeddable":true,"href":"https:\/\/www.ecoconscience.tv\/api\/wp\/v2\/categories?post=7975"},{"taxonomy":"post_tag","embeddable":true,"href":"https:\/\/www.ecoconscience.tv\/api\/wp\/v2\/tags?post=7975"},{"taxonomy":"odd","embeddable":true,"href":"https:\/\/www.ecoconscience.tv\/api\/wp\/v2\/odd?post=7975"}],"curies":[{"name":"wp","href":"https:\/\/api.w.org\/{rel}","templated":true}]}}