{"id":7964,"date":"2019-09-20T16:30:26","date_gmt":"2019-09-20T16:30:26","guid":{"rendered":"https:\/\/www.ecoconscience.tv\/?p=7964"},"modified":"2019-10-04T19:10:24","modified_gmt":"2019-10-04T19:10:24","slug":"appel-a-projets-citoyen-2019-les-laureats-ont-la-benediction-du-ministre-katari","status":"publish","type":"post","link":"https:\/\/www.ecoconscience.tv\/appel-a-projets-citoyen-2019-les-laureats-ont-la-benediction-du-ministre-katari\/","title":{"rendered":"Appel \u00e0 projets citoyen 2019: Les laur\u00e9ats ont la b\u00e9n\u00e9diction du ministre  Katari Foli Bazi"},"content":{"rendered":"\n<figure class=\"wp-block-video\"><\/figure>\n\n\n\n<p class=\"has-drop-cap\">Les laur\u00e9ats de l&rsquo;apppel \u00e0 projets citoyen 2019, une initiative du<a href=\"https:\/\/communication.gouv.tg\/\"> minist\u00e8re en charge de la communication et de l&rsquo;\u00e9ducation \u00e0 la citoyennet\u00e9<\/a> et au civisme et qui est \u00e0 sa 4\u00e8me \u00e9dition, ont re\u00e7u leurs attestations ce jeudi 19 septembre 2019, au cabinet dudit minist\u00e8re. <\/p>\n\n\n\n<p>Avec le but d\u2019\u0153uvrer aux c\u00f4t\u00e9s des pouvoirs publics pour la promotion des valeurs civiques, cette c\u00e9r\u00e9monie lance en r\u00e9alit\u00e9, la phase d\u2019ex\u00e9cution de leurs projets pour une dur\u00e9e de 3 mois dans toutes les r\u00e9gions du Togo.<br> Le patriotisme, la culture de la paix, le respect des biens publics et priv\u00e9s au aussi, la s\u00e9curit\u00e9 routi\u00e8re sont les th\u00e8mes de ces projets retenus pour cette campagne.<br> Plus de d\u00e9tails dans le reportage.<\/p>\n\n\n\n<p>Chris. A<\/p>\n","protected":false},"excerpt":{"rendered":"<p>Les laur\u00e9ats de l&rsquo;apppel \u00e0 projets citoyen 2019, une initiative du minist\u00e8re en charge de la communication et de l&rsquo;\u00e9ducation \u00e0 la citoyennet\u00e9 et au civisme et qui est \u00e0 sa 4\u00e8me \u00e9dition, ont re\u00e7u leurs attestations ce jeudi 19 septembre 2019, au cabinet dudit minist\u00e8re. Avec le but d\u2019\u0153uvrer aux c\u00f4t\u00e9s des pouvoirs publics [&hellip;]<\/p>\n","protected":false},"author":2,"featured_media":7966,"comment_status":"open","ping_status":"open","sticky":false,"template":"","format":"video","meta":{"ec_post_video":"https:\/\/www.youtube.com\/watch?v=oROrqqAa390"},"categories":[372,2],"tags":[1046],"odd":[],"_links":{"self":[{"href":"https:\/\/www.ecoconscience.tv\/api\/wp\/v2\/posts\/7964"}],"collection":[{"href":"https:\/\/www.ecoconscience.tv\/api\/wp\/v2\/posts"}],"about":[{"href":"https:\/\/www.ecoconscience.tv\/api\/wp\/v2\/types\/post"}],"author":[{"embeddable":true,"href":"https:\/\/www.ecoconscience.tv\/api\/wp\/v2\/users\/2"}],"replies":[{"embeddable":true,"href":"https:\/\/www.ecoconscience.tv\/api\/wp\/v2\/comments?post=7964"}],"version-history":[{"count":4,"href":"https:\/\/www.ecoconscience.tv\/api\/wp\/v2\/posts\/7964\/revisions"}],"predecessor-version":[{"id":7970,"href":"https:\/\/www.ecoconscience.tv\/api\/wp\/v2\/posts\/7964\/revisions\/7970"}],"wp:featuredmedia":[{"embeddable":true,"href":"https:\/\/www.ecoconscience.tv\/api\/wp\/v2\/media\/7966"}],"wp:attachment":[{"href":"https:\/\/www.ecoconscience.tv\/api\/wp\/v2\/media?parent=7964"}],"wp:term":[{"taxonomy":"category","embeddable":true,"href":"https:\/\/www.ecoconscience.tv\/api\/wp\/v2\/categories?post=7964"},{"taxonomy":"post_tag","embeddable":true,"href":"https:\/\/www.ecoconscience.tv\/api\/wp\/v2\/tags?post=7964"},{"taxonomy":"odd","embeddable":true,"href":"https:\/\/www.ecoconscience.tv\/api\/wp\/v2\/odd?post=7964"}],"curies":[{"name":"wp","href":"https:\/\/api.w.org\/{rel}","templated":true}]}}