{"id":7958,"date":"2019-09-19T03:09:55","date_gmt":"2019-09-19T03:09:55","guid":{"rendered":"https:\/\/www.ecoconscience.tv\/?p=7958"},"modified":"2019-10-04T19:10:31","modified_gmt":"2019-10-04T19:10:31","slug":"le-digesteur-une-solution-energetique-dans-prisons-togolaises","status":"publish","type":"post","link":"https:\/\/www.ecoconscience.tv\/le-digesteur-une-solution-energetique-dans-prisons-togolaises\/","title":{"rendered":"Le digesteur, une solution au souci \u00e9nerg\u00e9tique dans les prisons togolaises"},"content":{"rendered":"\n<figure class=\"wp-block-video\"><\/figure>\n\n\n\n<p>Plusieurs acteurs de d\u00e9veloppement durable et inclusif parmi lesquels le Directeur de l\u2019Administration P\u00e9nitentiaire et de la R\u00e9insertion (DAPR), Akibou IDRISSOU, le reconnait : \u00ab  les conditions de d\u00e9tention dans les prisons togolaises  ne sont pas encore les meilleures \u00bb malgr\u00e9 les efforts du gouvernement et des partenaires.<br> <\/p>\n\n\n\n<p class=\"has-drop-cap\">Au nombre des probl\u00e8mes majeurs \u00e0 relever, figurent en bonne position la surpopulation des d\u00e9tenus, la sous-alimentation, l\u2019hygi\u00e8ne- assainissement et le manque d&rsquo;initiatives de r\u00e9insertion socio-professionnelle. Aussi, l\u2019\u00e9nergie est un grand souci dans les milieux carc\u00e9raux. A en croire la DAPR pour exemple, pr\u00e8s de 30 titans de bois de chauffe ( \u00e9quivalent de 1800m3) sont n\u00e9cessaires pour la cuisson dans les prisons ; une information qui interpelle plus d\u2019un quand on sait que la d\u00e9forestation est aussi un fl\u00e9au contre lequel des initiatives se prennent pour restaurer le couvert forestier au Togo. Heureusement, il existe plusieurs alternatives ou solutions \u00e0 exp\u00e9rimenter dans les ge\u00f4les togolaises.  L\u2019installation de digesteurs pourra r\u00e9soudre le souci \u00e9nerg\u00e9tique, annonce des experts dans le domaine. En outre, des acteurs de la soci\u00e9t\u00e9 civile pensent \u00e0 une synergie d\u2019actions pour apporter des solutions \u00e0 ces probl\u00e8mes cit\u00e9s. <br> <\/p>\n\n\n\n<p>Suivez dans ce grand dossier reportage, les d\u00e9tails sur le sujet.<\/p>\n\n\n\n<p>Chris. A<br> <\/p>\n","protected":false},"excerpt":{"rendered":"<p>Plusieurs acteurs de d\u00e9veloppement durable et inclusif parmi lesquels le Directeur de l\u2019Administration P\u00e9nitentiaire et de la R\u00e9insertion (DAPR), Akibou IDRISSOU, le reconnait : \u00ab les conditions de d\u00e9tention dans les prisons togolaises ne sont pas encore les meilleures \u00bb malgr\u00e9 les efforts du gouvernement et des partenaires. Au nombre des probl\u00e8mes majeurs \u00e0 relever, [&hellip;]<\/p>\n","protected":false},"author":2,"featured_media":7959,"comment_status":"open","ping_status":"open","sticky":false,"template":"","format":"video","meta":{"ec_post_video":"https:\/\/www.youtube.com\/watch?v=5tFsMpsMICo"},"categories":[372],"tags":[],"odd":[],"_links":{"self":[{"href":"https:\/\/www.ecoconscience.tv\/api\/wp\/v2\/posts\/7958"}],"collection":[{"href":"https:\/\/www.ecoconscience.tv\/api\/wp\/v2\/posts"}],"about":[{"href":"https:\/\/www.ecoconscience.tv\/api\/wp\/v2\/types\/post"}],"author":[{"embeddable":true,"href":"https:\/\/www.ecoconscience.tv\/api\/wp\/v2\/users\/2"}],"replies":[{"embeddable":true,"href":"https:\/\/www.ecoconscience.tv\/api\/wp\/v2\/comments?post=7958"}],"version-history":[{"count":3,"href":"https:\/\/www.ecoconscience.tv\/api\/wp\/v2\/posts\/7958\/revisions"}],"predecessor-version":[{"id":7963,"href":"https:\/\/www.ecoconscience.tv\/api\/wp\/v2\/posts\/7958\/revisions\/7963"}],"wp:featuredmedia":[{"embeddable":true,"href":"https:\/\/www.ecoconscience.tv\/api\/wp\/v2\/media\/7959"}],"wp:attachment":[{"href":"https:\/\/www.ecoconscience.tv\/api\/wp\/v2\/media?parent=7958"}],"wp:term":[{"taxonomy":"category","embeddable":true,"href":"https:\/\/www.ecoconscience.tv\/api\/wp\/v2\/categories?post=7958"},{"taxonomy":"post_tag","embeddable":true,"href":"https:\/\/www.ecoconscience.tv\/api\/wp\/v2\/tags?post=7958"},{"taxonomy":"odd","embeddable":true,"href":"https:\/\/www.ecoconscience.tv\/api\/wp\/v2\/odd?post=7958"}],"curies":[{"name":"wp","href":"https:\/\/api.w.org\/{rel}","templated":true}]}}