{"id":7938,"date":"2019-08-30T20:41:26","date_gmt":"2019-08-30T20:41:26","guid":{"rendered":"https:\/\/www.ecoconscience.tv\/?p=7938"},"modified":"2019-09-04T10:09:59","modified_gmt":"2019-09-04T10:09:59","slug":"togo-voici-pourquoi-ladhesion-a-la-convention-des-maires-est-incontournable","status":"publish","type":"post","link":"https:\/\/www.ecoconscience.tv\/togo-voici-pourquoi-ladhesion-a-la-convention-des-maires-est-incontournable\/","title":{"rendered":"Togo : Voici pourquoi l\u2019adh\u00e9sion \u00e0 la convention des maires est incontournable aux communes"},"content":{"rendered":"\n<figure class=\"wp-block-video\"><\/figure>\n\n\n\n<p>Pour un plan climat \u00e9nergie soutenu de nos jours face aux effets du changement climatique au niveau local, la Convention des Maires pour l\u2019Afrique Subsaharienne se veut \u00eatre une grande opportunit\u00e9 aux communes pour des actions climatiques en faveur de leurs populations. Bas\u00e9e sur l\u2019acc\u00e8s \u00e0 l\u2019\u00e9nergie propre, l\u2019att\u00e9nuation et l\u2019adaptation aux changements climatiques, elle est une bonne occasion de planification locale et de mobilisation de ressources sur les questions de d\u00e9veloppement durable \u00e0 travers des m\u00e9canismes innovants. Voil\u00e0 pourquoi le sujet a fortement int\u00e9ress\u00e9 les communes pr\u00e9sentes \u00e0 l\u2019atelier de plaidoyer pour le d\u00e9veloppement local, inclusif, durable et de partage d\u2019exp\u00e9riences sur ladite convention, qui a \u00e9t\u00e9 organis\u00e9 par le consortium DAHW, CONGAT\/ICB et COPAPTO le 14 ao\u00fbt 2019 \u00e0 Atakpam\u00e9.<br> M\u00eame si sept (07) communes ont rejoint les six (06) autres qui sont de la phase pilote de l\u2019implantation de la convention au Togo \u00e0 l\u2019issue des travaux de cette rencontre, il est question aujourd\u2019hui d\u2019inviter les nouvelles communes issues du processus de d\u00e9centralisation en cours, \u00e0 embo\u00eeter le pas aux autres afin que toutes les villes togolaises connaissent des projets de d\u00e9veloppement climatiques harmonis\u00e9s, mais surtout adapt\u00e9s aux r\u00e9alit\u00e9s locales pour mieux faire face aux effets du changement climatique. <br> Nous nous sommes donc int\u00e9ress\u00e9s au sujet pour relever les grands int\u00e9r\u00eats pour lesquels l\u2019adh\u00e9sion \u00e0 la Convention des Maires pour l\u2019Afrique Subsaharienne devient incontournable pour les communes du Togo.<\/p>\n\n\n\n<p>Chris.A<\/p>\n","protected":false},"excerpt":{"rendered":"<p>Pour un plan climat \u00e9nergie soutenu de nos jours face aux effets du changement climatique au niveau local, la Convention des Maires pour l\u2019Afrique Subsaharienne se veut \u00eatre une grande opportunit\u00e9 aux communes pour des actions climatiques en faveur de leurs populations. Bas\u00e9e sur l\u2019acc\u00e8s \u00e0 l\u2019\u00e9nergie propre, l\u2019att\u00e9nuation et l\u2019adaptation aux changements climatiques, elle [&hellip;]<\/p>\n","protected":false},"author":2,"featured_media":7942,"comment_status":"open","ping_status":"open","sticky":false,"template":"","format":"video","meta":{"ec_post_video":"https:\/\/www.youtube.com\/watch?v=QgpbQMDiQ24"},"categories":[372],"tags":[1814,1136,15],"odd":[],"_links":{"self":[{"href":"https:\/\/www.ecoconscience.tv\/api\/wp\/v2\/posts\/7938"}],"collection":[{"href":"https:\/\/www.ecoconscience.tv\/api\/wp\/v2\/posts"}],"about":[{"href":"https:\/\/www.ecoconscience.tv\/api\/wp\/v2\/types\/post"}],"author":[{"embeddable":true,"href":"https:\/\/www.ecoconscience.tv\/api\/wp\/v2\/users\/2"}],"replies":[{"embeddable":true,"href":"https:\/\/www.ecoconscience.tv\/api\/wp\/v2\/comments?post=7938"}],"version-history":[{"count":3,"href":"https:\/\/www.ecoconscience.tv\/api\/wp\/v2\/posts\/7938\/revisions"}],"predecessor-version":[{"id":7944,"href":"https:\/\/www.ecoconscience.tv\/api\/wp\/v2\/posts\/7938\/revisions\/7944"}],"wp:featuredmedia":[{"embeddable":true,"href":"https:\/\/www.ecoconscience.tv\/api\/wp\/v2\/media\/7942"}],"wp:attachment":[{"href":"https:\/\/www.ecoconscience.tv\/api\/wp\/v2\/media?parent=7938"}],"wp:term":[{"taxonomy":"category","embeddable":true,"href":"https:\/\/www.ecoconscience.tv\/api\/wp\/v2\/categories?post=7938"},{"taxonomy":"post_tag","embeddable":true,"href":"https:\/\/www.ecoconscience.tv\/api\/wp\/v2\/tags?post=7938"},{"taxonomy":"odd","embeddable":true,"href":"https:\/\/www.ecoconscience.tv\/api\/wp\/v2\/odd?post=7938"}],"curies":[{"name":"wp","href":"https:\/\/api.w.org\/{rel}","templated":true}]}}