{"id":7918,"date":"2019-08-19T21:53:33","date_gmt":"2019-08-19T21:53:33","guid":{"rendered":"https:\/\/www.ecoconscience.tv\/?p=7918"},"modified":"2019-08-19T21:53:34","modified_gmt":"2019-08-19T21:53:34","slug":"togo-la-capitalisation-des-acquis-du-padic-vied-en-faveur-des-detenus-preoccupe","status":"publish","type":"post","link":"https:\/\/www.ecoconscience.tv\/togo-la-capitalisation-des-acquis-du-padic-vied-en-faveur-des-detenus-preoccupe\/","title":{"rendered":"Togo: La capitalisation des acquis du PADIC-VieD en faveur des d\u00e9tenus pr\u00e9occupe"},"content":{"rendered":"\n<figure class=\"wp-block-video\"><\/figure>\n\n\n\n<p>La capitalisation des acquis du Projet d&rsquo;Am\u00e9lioration Durable et Int\u00e9gr\u00e9e des Conditions de Vie des D\u00e9tenus au Togo (PADIC-VieD) \u00e9tait au c\u0153ur des pr\u00e9occupations de plusieurs acteurs impliqu\u00e9s dans la lutte pour une meilleure situation de vie dans les prisons togolaises, le mercredi 14 ao\u00fbt dernier \u00e0 Atakpam\u00e9. <\/p>\n\n\n\n<p class=\"has-drop-cap\">Port\u00e9 par l&rsquo;Association de Lutte contre la L\u00e8pre et la Tuberculose (DAHW), la Coordination des Partenaires des Prisons du Togo (COPAPTO) et l&rsquo;ONG Conseils Gestion Appui aux Territoires\/Initiatives des Collectivit\u00e9s pour la Bonne gouvernance (CONGAT\/ICB) r\u00e9unies en consortium, PADIC-VieD a permis aux d\u00e9tenus et ex d\u00e9tenus de 12 prisons sur les 13 que compte le Togo, de connaitre entre autres, une meilleure alimentation, des prises en charge en soins de sant\u00e9 primaire et chirurgicale et aussi de programmes de r\u00e9insertion. \u00c0 un mois de la fin du projet en r\u00e9alit\u00e9, la rencontre d&rsquo;Atakpam\u00e9 a eu pour objectif principal, de mobiliser des ressources suppl\u00e9mentaires en vue de la continut\u00e9 des actions . Aussi, \u00e9tait-il question d&rsquo;amener les collectivit\u00e9s territoriales \u00e0 ins\u00e9rer dans leur programme budget, la question des d\u00e9tenus pour l&rsquo;am\u00e9lioration de leur condition de d\u00e9tention sur plusieurs plans notamment, nutritionnel, sanitaire, l&rsquo;eau et l&rsquo;assainisement. <\/p>\n\n\n\n<p>Les d\u00e9tails sur le sujet \u00e0 lire dans le reportage video.<\/p>\n\n\n\n<p>Chris A.<\/p>\n","protected":false},"excerpt":{"rendered":"<p>La capitalisation des acquis du Projet d&rsquo;Am\u00e9lioration Durable et Int\u00e9gr\u00e9e des Conditions de Vie des D\u00e9tenus au Togo (PADIC-VieD) \u00e9tait au c\u0153ur des pr\u00e9occupations de plusieurs acteurs impliqu\u00e9s dans la lutte pour une meilleure situation de vie dans les prisons togolaises, le mercredi 14 ao\u00fbt dernier \u00e0 Atakpam\u00e9. Port\u00e9 par l&rsquo;Association de Lutte contre la [&hellip;]<\/p>\n","protected":false},"author":2,"featured_media":7919,"comment_status":"open","ping_status":"open","sticky":false,"template":"","format":"video","meta":{"ec_post_video":"https:\/\/www.youtube.com\/watch?v=v2RlqG38788"},"categories":[372],"tags":[1804,1803,15],"odd":[],"_links":{"self":[{"href":"https:\/\/www.ecoconscience.tv\/api\/wp\/v2\/posts\/7918"}],"collection":[{"href":"https:\/\/www.ecoconscience.tv\/api\/wp\/v2\/posts"}],"about":[{"href":"https:\/\/www.ecoconscience.tv\/api\/wp\/v2\/types\/post"}],"author":[{"embeddable":true,"href":"https:\/\/www.ecoconscience.tv\/api\/wp\/v2\/users\/2"}],"replies":[{"embeddable":true,"href":"https:\/\/www.ecoconscience.tv\/api\/wp\/v2\/comments?post=7918"}],"version-history":[{"count":2,"href":"https:\/\/www.ecoconscience.tv\/api\/wp\/v2\/posts\/7918\/revisions"}],"predecessor-version":[{"id":7921,"href":"https:\/\/www.ecoconscience.tv\/api\/wp\/v2\/posts\/7918\/revisions\/7921"}],"wp:featuredmedia":[{"embeddable":true,"href":"https:\/\/www.ecoconscience.tv\/api\/wp\/v2\/media\/7919"}],"wp:attachment":[{"href":"https:\/\/www.ecoconscience.tv\/api\/wp\/v2\/media?parent=7918"}],"wp:term":[{"taxonomy":"category","embeddable":true,"href":"https:\/\/www.ecoconscience.tv\/api\/wp\/v2\/categories?post=7918"},{"taxonomy":"post_tag","embeddable":true,"href":"https:\/\/www.ecoconscience.tv\/api\/wp\/v2\/tags?post=7918"},{"taxonomy":"odd","embeddable":true,"href":"https:\/\/www.ecoconscience.tv\/api\/wp\/v2\/odd?post=7918"}],"curies":[{"name":"wp","href":"https:\/\/api.w.org\/{rel}","templated":true}]}}