{"id":7882,"date":"2019-07-25T15:10:44","date_gmt":"2019-07-25T15:10:44","guid":{"rendered":"https:\/\/www.ecoconscience.tv\/?p=7882"},"modified":"2019-07-25T16:49:43","modified_gmt":"2019-07-25T16:49:43","slug":"jamo-2019-proteger-les-oceans-devient-une-obligation","status":"publish","type":"post","link":"https:\/\/www.ecoconscience.tv\/jamo-2019-proteger-les-oceans-devient-une-obligation\/","title":{"rendered":"JAMO 2019: Prot\u00e9ger les oc\u00e9ans devient une obligation"},"content":{"rendered":"\n<figure class=\"wp-block-video\"><\/figure>\n\n\n\n<p class=\"has-drop-cap\">Le Togo tout comme les autres pays du continent africain, a  c\u00e9l\u00e8br\u00e9 ce jeudi 25 juillet 2019, la 4\u00e8me Journ\u00e9e Africaine des Mers et des Oc\u00e9ans. Elle a essentiellement pour but, la sensibilisation du grand public sur le r\u00f4le crucial jou\u00e9 par les oc\u00e9ans dans la vie quotidienne des \u00eatres vivants, ainsi que des diff\u00e9rents moyens destin\u00e9s \u00e0 leur protection.<\/p>\n\n\n\n<figure class=\"wp-block-image\"><img loading=\"lazy\" width=\"1024\" height=\"768\" src=\"https:\/\/www.ecoconscience.tv\/wp-content\/uploads\/2019\/07\/IMG-20190725-WA0095-1024x768.jpg\" alt=\"\" class=\"wp-image-7887\" srcset=\"https:\/\/www.ecoconscience.tv\/wp-content\/uploads\/2019\/07\/IMG-20190725-WA0095-1024x768.jpg 1024w, https:\/\/www.ecoconscience.tv\/wp-content\/uploads\/2019\/07\/IMG-20190725-WA0095-300x225.jpg 300w, https:\/\/www.ecoconscience.tv\/wp-content\/uploads\/2019\/07\/IMG-20190725-WA0095-768x576.jpg 768w, https:\/\/www.ecoconscience.tv\/wp-content\/uploads\/2019\/07\/IMG-20190725-WA0095.jpg 1080w\" sizes=\"(max-width: 1024px) 100vw, 1024px\" \/><figcaption><em>Les participants <\/em> <\/figcaption><\/figure>\n\n\n\n<p>Si \u00a0\u00bb La protection de la biodiversit\u00e9 marine au del\u00e0 de la juridiction nationale ainsi que la promotion de l&rsquo;\u00e9conomie bleue\u00a0\u00bb  est le th\u00e8me choisi par l&rsquo;Union Africaine pour cette \u00e9dition, le Togo a quant \u00e0 lui retenu, \u00ab\u00a0l&rsquo;\u00e9conomie bleue durable\u00a0\u00bb qui rappelle outre la Plan National de D\u00e9veloppement (PND), l&rsquo;axe 2 de la stat\u00e9gie nationale pour la mer et le littoral comme th\u00e8me au plan national pour cette c\u00e9l\u00e9bration. C&rsquo;est donc \u00e0 juste titre que le Haut Conseil de la Mer (HCM) a tenu \u00e0 organiser en ce jour, un atelier de sensibilisation de toutes les parties prenantes reconnues dans la pr\u00e9servation des mers. Il s&rsquo;est entre autres agi, de les amener \u00e0 connaitre les richesses que regorgent les oc\u00e9ans et les mers, \u00e0 adopter des comportements \u00e9cologiques en mati\u00e8re de production et de consommation. Pour se faire, il a \u00e9t\u00e9 partag\u00e9 avec les participants, l&rsquo;\u00e9tat des lieux sur l&rsquo;\u00e9rosion c\u00f4ti\u00e8re au Togo, la protection des \u00e9cosyst\u00e8mes marins et c\u00f4tiers au Togo et enfin, le cadre de mise en oeuvre de l&rsquo;\u00e9conomie bleue au Togo.<\/p>\n\n\n\n<p>La c\u00e9l\u00e9bration de cette journ\u00e9e selon le ministre le l&rsquo;environnement, dont le discours a \u00e9t\u00e9 prononc\u00e9 par son coll\u00e8gue en charge de l&rsquo;agriculture, No\u00eal Bataka, permet a son d\u00e9partement dans le cadre de l&rsquo;Action de l&rsquo;Etat en Mer (AEM), d&rsquo;informer les diff\u00e9rents acteurs du secteur maritime sur les enjeux du p\u00e9ril marin, de susciter l&rsquo;envie d&rsquo;adopter un &lt;&gt;, et de donner des pistes d&rsquo;action qui d\u00e9terminent adultes et jeunes \u00e0 agir individuellement et collectivement pour une meilleure gestion des ressources marines.<\/p>\n\n\n\n<p>&lt;&lt; La journ\u00e9e africaine des mers et des oc\u00e9ans se veut \u00eatre un cadre o\u00f9 tous les acteurs du monde maritime du continent et dans chaque Etat de l&rsquo;Union africaine se retrouvent pour r\u00e9fl\u00e9chir et \u00e9changer sur l&rsquo;avenir maritime du continent, sur les grands d\u00e9fis qui se posent \u00e0 eux et comment les relever&gt;&gt;, a rappell\u00e9 le Ministre Conseiller pour la Mer, Stanislas Baba, avant de lancer cet appel: &lt;&lt; il nous revient alors de garder nos oc\u00e9ans, nos mers et c\u00f4tes en bonne sant\u00e9. Aujouir&rsquo;hui et tous les jours, faisons notre part pour prot\u00e9ger les oc\u00e9ans pour les g\u00e9n\u00e9rations futures&gt;&gt;.<\/p>\n\n\n\n<p>Occupant plus des deux tiers de la superficie du globe, les oc\u00e9ans offre un certain nombre de bienfaits \u00e0 l&rsquo;humanit\u00e9, notamment la p\u00eache, l&rsquo;\u00e9nergie, le tourisme, les transports maritimes sans oublier la r\u00e9gulation du climat le pi\u00e9geage du carbone et aussi, la biodiversit\u00e9 marine.<br>\nUn nettoyage de la plage est pr\u00e9vu pour le  samedi 27 juillet prochain et sera l&rsquo;activit\u00e9 apoth\u00e9ose dans le cadre de la c\u00e9l\u00e9bration de ladite journ\u00e9e.<\/p>\n\n\n\n<p>La r\u00e9daction<\/p>\n","protected":false},"excerpt":{"rendered":"<p>Le Togo tout comme les autres pays du continent africain, a c\u00e9l\u00e8br\u00e9 ce jeudi 25 juillet 2019, la 4\u00e8me Journ\u00e9e Africaine des Mers et des Oc\u00e9ans. Elle a essentiellement pour but, la sensibilisation du grand public sur le r\u00f4le crucial jou\u00e9 par les oc\u00e9ans dans la vie quotidienne des \u00eatres vivants, ainsi que des diff\u00e9rents [&hellip;]<\/p>\n","protected":false},"author":2,"featured_media":7884,"comment_status":"open","ping_status":"open","sticky":false,"template":"","format":"video","meta":{"ec_post_video":""},"categories":[372],"tags":[],"odd":[],"_links":{"self":[{"href":"https:\/\/www.ecoconscience.tv\/api\/wp\/v2\/posts\/7882"}],"collection":[{"href":"https:\/\/www.ecoconscience.tv\/api\/wp\/v2\/posts"}],"about":[{"href":"https:\/\/www.ecoconscience.tv\/api\/wp\/v2\/types\/post"}],"author":[{"embeddable":true,"href":"https:\/\/www.ecoconscience.tv\/api\/wp\/v2\/users\/2"}],"replies":[{"embeddable":true,"href":"https:\/\/www.ecoconscience.tv\/api\/wp\/v2\/comments?post=7882"}],"version-history":[{"count":3,"href":"https:\/\/www.ecoconscience.tv\/api\/wp\/v2\/posts\/7882\/revisions"}],"predecessor-version":[{"id":7888,"href":"https:\/\/www.ecoconscience.tv\/api\/wp\/v2\/posts\/7882\/revisions\/7888"}],"wp:featuredmedia":[{"embeddable":true,"href":"https:\/\/www.ecoconscience.tv\/api\/wp\/v2\/media\/7884"}],"wp:attachment":[{"href":"https:\/\/www.ecoconscience.tv\/api\/wp\/v2\/media?parent=7882"}],"wp:term":[{"taxonomy":"category","embeddable":true,"href":"https:\/\/www.ecoconscience.tv\/api\/wp\/v2\/categories?post=7882"},{"taxonomy":"post_tag","embeddable":true,"href":"https:\/\/www.ecoconscience.tv\/api\/wp\/v2\/tags?post=7882"},{"taxonomy":"odd","embeddable":true,"href":"https:\/\/www.ecoconscience.tv\/api\/wp\/v2\/odd?post=7882"}],"curies":[{"name":"wp","href":"https:\/\/api.w.org\/{rel}","templated":true}]}}