{"id":7860,"date":"2019-07-08T22:45:06","date_gmt":"2019-07-08T22:45:06","guid":{"rendered":"https:\/\/www.ecoconscience.tv\/?p=7860"},"modified":"2019-07-08T22:53:38","modified_gmt":"2019-07-08T22:53:38","slug":"la-vision-de-la-grande-muraille-verte-traduite-par-le-dessin-del-marto-2e-prix-concours-dessin-da-2019","status":"publish","type":"post","link":"https:\/\/www.ecoconscience.tv\/la-vision-de-la-grande-muraille-verte-traduite-par-le-dessin-del-marto-2e-prix-concours-dessin-da-2019\/","title":{"rendered":"La vision de la Grande Muraille Verte traduite par le dessin d&rsquo;El Marto, 2e prix concours dessin D&rsquo;a 2019"},"content":{"rendered":"\n<figure class=\"wp-block-video\"><\/figure>\n\n\n\n<p>L&rsquo;un des domaines forts de sensibilisation \u00e0 l&rsquo;\u00e9ducation environnementale est le DESSIN, les bandes dessin\u00e9es, commun\u00e9ment appel\u00e9 les BD.<br><\/p>\n\n\n\n<figure class=\"wp-block-image\"><img loading=\"lazy\" width=\"1024\" height=\"576\" src=\"https:\/\/www.ecoconscience.tv\/wp-content\/uploads\/2019\/07\/20190620_211902-1024x576.jpg\" alt=\"\" class=\"wp-image-7861\" srcset=\"https:\/\/www.ecoconscience.tv\/wp-content\/uploads\/2019\/07\/20190620_211902-1024x576.jpg 1024w, https:\/\/www.ecoconscience.tv\/wp-content\/uploads\/2019\/07\/20190620_211902-300x169.jpg 300w, https:\/\/www.ecoconscience.tv\/wp-content\/uploads\/2019\/07\/20190620_211902-768x432.jpg 768w, https:\/\/www.ecoconscience.tv\/wp-content\/uploads\/2019\/07\/20190620_211902-253x142.jpg 253w\" sizes=\"(max-width: 1024px) 100vw, 1024px\" \/><figcaption>Caricaturiste El Marto<\/figcaption><\/figure>\n\n\n\n<p>Ce dessin est l&rsquo;oeuvre d&rsquo;un caricaturiste franco-burkinab\u00e9. Son nom El Marto qui a gagn\u00e9 le deuxi\u00e8me prix du concours de dessin #DesertifActions 2019.<br> Son dessin traduit la vision de l&rsquo;initiative africaine : la grande Muraille Verte ????, un projet de l&rsquo;Union Africaine.<\/p>\n\n\n\n<blockquote class=\"wp-block-quote\"><p>Sur ce dessin vous voyez une personne, comme s&rsquo;il prenait un morceau de papier, qui du coup arrache la vision pessimiste de l&rsquo;Afrique pour montrer une vision plus optimiste de l&rsquo;Afrique, celle de la Grande Muraille Verte.<\/p><cite>a expliqu\u00e9 El Marto lors de la c\u00e9r\u00e9monie des laur\u00e9ats \u00e0 #DesertifActions Ouagadougou, le 20 juin 2019<\/cite><\/blockquote>\n\n\n\n<p>La \u00ab Grande Muraille Verte \u00bb (GMV) ou \u201cGreat Green Wall\u201d a \u00e9t\u00e9 l&rsquo;une des quatre th\u00e9matiques abord\u00e9es lors du sommet international de la soci\u00e9t\u00e9 D\u00e9sertifAtions 2019 civile tenu du 19 au 22 juin dernier \u00e0 Ouagadougou, Burkina Faso.<\/p>\n\n\n\n<p> Elle d\u00e9coule de la conviction forte et de la volont\u00e9 des Africains \u00e0 rompre avec la fatalit\u00e9 pour faire face aux grands d\u00e9fis environnementaux, notamment la d\u00e9sertification \u2013 auxquels l\u2019Afrique est confront\u00e9e.<\/p>\n\n\n\n<h1>EcoConscienceTV<\/h1>\n","protected":false},"excerpt":{"rendered":"<p>L&rsquo;un des domaines forts de sensibilisation \u00e0 l&rsquo;\u00e9ducation environnementale est le DESSIN, les bandes dessin\u00e9es, commun\u00e9ment appel\u00e9 les BD. Ce dessin est l&rsquo;oeuvre d&rsquo;un caricaturiste franco-burkinab\u00e9. Son nom El Marto qui a gagn\u00e9 le deuxi\u00e8me prix du concours de dessin #DesertifActions 2019. Son dessin traduit la vision de l&rsquo;initiative africaine : la grande Muraille Verte [&hellip;]<\/p>\n","protected":false},"author":2,"featured_media":7862,"comment_status":"open","ping_status":"open","sticky":false,"template":"","format":"image","meta":{"ec_post_video":""},"categories":[372],"tags":[1772,1788,1787],"odd":[],"_links":{"self":[{"href":"https:\/\/www.ecoconscience.tv\/api\/wp\/v2\/posts\/7860"}],"collection":[{"href":"https:\/\/www.ecoconscience.tv\/api\/wp\/v2\/posts"}],"about":[{"href":"https:\/\/www.ecoconscience.tv\/api\/wp\/v2\/types\/post"}],"author":[{"embeddable":true,"href":"https:\/\/www.ecoconscience.tv\/api\/wp\/v2\/users\/2"}],"replies":[{"embeddable":true,"href":"https:\/\/www.ecoconscience.tv\/api\/wp\/v2\/comments?post=7860"}],"version-history":[{"count":2,"href":"https:\/\/www.ecoconscience.tv\/api\/wp\/v2\/posts\/7860\/revisions"}],"predecessor-version":[{"id":7865,"href":"https:\/\/www.ecoconscience.tv\/api\/wp\/v2\/posts\/7860\/revisions\/7865"}],"wp:featuredmedia":[{"embeddable":true,"href":"https:\/\/www.ecoconscience.tv\/api\/wp\/v2\/media\/7862"}],"wp:attachment":[{"href":"https:\/\/www.ecoconscience.tv\/api\/wp\/v2\/media?parent=7860"}],"wp:term":[{"taxonomy":"category","embeddable":true,"href":"https:\/\/www.ecoconscience.tv\/api\/wp\/v2\/categories?post=7860"},{"taxonomy":"post_tag","embeddable":true,"href":"https:\/\/www.ecoconscience.tv\/api\/wp\/v2\/tags?post=7860"},{"taxonomy":"odd","embeddable":true,"href":"https:\/\/www.ecoconscience.tv\/api\/wp\/v2\/odd?post=7860"}],"curies":[{"name":"wp","href":"https:\/\/api.w.org\/{rel}","templated":true}]}}