{"id":7838,"date":"2019-06-24T18:58:56","date_gmt":"2019-06-24T18:58:56","guid":{"rendered":"https:\/\/www.ecoconscience.tv\/?p=7838"},"modified":"2019-06-26T07:33:14","modified_gmt":"2019-06-26T07:33:14","slug":"sommet-desertifications-ouagadougou-2019-terre-biodiversite-climat","status":"publish","type":"post","link":"https:\/\/www.ecoconscience.tv\/sommet-desertifications-ouagadougou-2019-terre-biodiversite-climat\/","title":{"rendered":"Sommet D\u00e9sertifActions, Ouagadougou 2019 : \u00ab\u00a0Terre, Biodiversit\u00e9, Climat\u00a0\u00bb"},"content":{"rendered":"\n<figure class=\"wp-block-video\"><\/figure>\n\n\n\n<p class=\"has-drop-cap\">Du 19 au 22 juin 2019 \u00e0 Ouagadougou (Burkina Faso) s&rsquo;est tenu le 4em <a href=\"https:\/\/bf.ambafrance.org\/Desertif-actions-2019-Sommet-International-de-la-Societe-Civile-Terre\">Sommet international de la soci\u00e9t\u00e9 civile, DesertifActions 2019<\/a>, et la premi\u00e8re du genre en Afrique.  Environ 300 acteurs non \u00e9tatiques ont particip\u00e9  et \u00e9chang\u00e9 sur le th\u00e8me : \u00ab\u00a0Terre, Biodiversit\u00e9 et climat\u00a0\u00bb. <\/p>\n\n\n\n<p>Une initiative soutenue par le secr\u00e9tariat de la convention des Nations Unies sur la lutte contre la d\u00e9sertification (UNCCD). Le panel de la soci\u00e9t\u00e9 civile UNCCD y a particip\u00e9. <\/p>\n\n\n\n<p><strong>4 ateliers th\u00e9matiques ont essentiellement meubl\u00e9 les travaux :<\/strong><\/p>\n\n\n\n<ul><li> La soci\u00e9t\u00e9 civile et l\u2019Initiative de la Grande Muraille Verte pour le Sahel et le Sahara<\/li><li> Le pastoralisme en zones arides et la lutte contre la d\u00e9sertification<\/li><li> Le foncier et la mise en oeuvre de la neutralit\u00e9 en mati\u00e8re de d\u00e9gradation des terres<\/li><li> Le multi-usage de l\u2019eau en zone aride.<\/li><\/ul>\n\n\n\n<p>Devant les journalistes, dans une interview, M.Patrice Burger, pr\u00e9sident du CARI, donne les grands objectifs de cette rencontre&#8230; Suivez plut\u00f4t. <\/p>\n\n\n\n<p><em><strong>R.A<\/strong><\/em><\/p>\n","protected":false},"excerpt":{"rendered":"<p>Du 19 au 22 juin 2019 \u00e0 Ouagadougou (Burkina Faso) s&rsquo;est tenu le 4em Sommet international de la soci\u00e9t\u00e9 civile, DesertifActions 2019, et la premi\u00e8re du genre en Afrique. Environ 300 acteurs non \u00e9tatiques ont particip\u00e9 et \u00e9chang\u00e9 sur le th\u00e8me : \u00ab\u00a0Terre, Biodiversit\u00e9 et climat\u00a0\u00bb. Une initiative soutenue par le secr\u00e9tariat de la convention [&hellip;]<\/p>\n","protected":false},"author":2,"featured_media":7839,"comment_status":"open","ping_status":"open","sticky":false,"template":"","format":"video","meta":{"ec_post_video":"https:\/\/www.youtube.com\/watch?v=FyaAzH5lfKU"},"categories":[372],"tags":[17,11,1773,1770,1772,1198,1777,1774,1775,1771,18,1192],"odd":[],"_links":{"self":[{"href":"https:\/\/www.ecoconscience.tv\/api\/wp\/v2\/posts\/7838"}],"collection":[{"href":"https:\/\/www.ecoconscience.tv\/api\/wp\/v2\/posts"}],"about":[{"href":"https:\/\/www.ecoconscience.tv\/api\/wp\/v2\/types\/post"}],"author":[{"embeddable":true,"href":"https:\/\/www.ecoconscience.tv\/api\/wp\/v2\/users\/2"}],"replies":[{"embeddable":true,"href":"https:\/\/www.ecoconscience.tv\/api\/wp\/v2\/comments?post=7838"}],"version-history":[{"count":6,"href":"https:\/\/www.ecoconscience.tv\/api\/wp\/v2\/posts\/7838\/revisions"}],"predecessor-version":[{"id":7847,"href":"https:\/\/www.ecoconscience.tv\/api\/wp\/v2\/posts\/7838\/revisions\/7847"}],"wp:featuredmedia":[{"embeddable":true,"href":"https:\/\/www.ecoconscience.tv\/api\/wp\/v2\/media\/7839"}],"wp:attachment":[{"href":"https:\/\/www.ecoconscience.tv\/api\/wp\/v2\/media?parent=7838"}],"wp:term":[{"taxonomy":"category","embeddable":true,"href":"https:\/\/www.ecoconscience.tv\/api\/wp\/v2\/categories?post=7838"},{"taxonomy":"post_tag","embeddable":true,"href":"https:\/\/www.ecoconscience.tv\/api\/wp\/v2\/tags?post=7838"},{"taxonomy":"odd","embeddable":true,"href":"https:\/\/www.ecoconscience.tv\/api\/wp\/v2\/odd?post=7838"}],"curies":[{"name":"wp","href":"https:\/\/api.w.org\/{rel}","templated":true}]}}