{"id":7762,"date":"2019-06-01T11:14:01","date_gmt":"2019-06-01T11:14:01","guid":{"rendered":"https:\/\/www.ecoconscience.tv\/?p=7762"},"modified":"2019-06-01T15:02:01","modified_gmt":"2019-06-01T15:02:01","slug":"reunion-regionale-hub-ipen-afrique-francophone-abidjan","status":"publish","type":"post","link":"https:\/\/www.ecoconscience.tv\/reunion-regionale-hub-ipen-afrique-francophone-abidjan\/","title":{"rendered":"Le Hub de l\u2019IPEN Afrique francophone parle produits chimiques \u00e0 Abidjan"},"content":{"rendered":"\n<figure class=\"wp-block-video\"><\/figure>\n\n\n\n<p>Du 30 au 31 mai 2019 a Abidjan, s\u2019est tenu \u00a0la r\u00e9union r\u00e9gionale du Hub de l\u2019IPEN Afrique Francophone, regroupant une vingtaine d\u2019organisation de l\u2019Afrique francophone, dont Welfare Togo, membres du r\u00e9seau <strong><a href=\"https:\/\/ipen.org\/about-ipen\">International POPs Elimination Network<\/a><\/strong><a href=\"https:\/\/ipen.org\/about-ipen\"> (<\/a><strong><a href=\"https:\/\/ipen.org\/about-ipen\">IPEN<\/a><\/strong><a href=\"https:\/\/ipen.org\/about-ipen\">)<\/a>. Le hub Afrique Francophone d\u2019IPEN est constitu\u00e9 actuellement des OP venant de\u00a012 pays de l\u2019Afrique francophones plus la Guin\u00e9e Bissou.<\/p>\n\n\n\n<p>C&rsquo;est une rencontre de renforcement de capacit\u00e9, d\u2019\u00e9change et de partage d\u2019exp\u00e9riences. Selon Achille Ngakeng, coordonnateur du Hub d\u2019IPEN Afrique francophone, membre de l\u2019ONG camerounaise Centre de Recherche pour l\u2019Education et le D\u00e9veloppement (CREPD), elle vise \u00e0 renforcer la capacit\u00e9 des participants pour un meilleur engagement de la soci\u00e9t\u00e9 civile pour un avenir sans produits chimiques toxiques.<\/p>\n\n\n\n<p>Au cours de ces deux jours de travaux, plusieurs th\u00e9matiques ont \u00e9t\u00e9 abord\u00e9es. <a href=\"https:\/\/twelfare.wordpress.com\/\">Welfare Togo<\/a>, repr\u00e9sent\u00e9e par sa pr\u00e9sidente <a href=\"https:\/\/www.facebook.com\/RolandeAziaka\">Rolande Aziaka<\/a>, a pr\u00e9sent\u00e9 son \u00e9tude du<strong> <\/strong>march\u00e9 des produits de consommation contenant des nanomat\u00e9riaux dans la ville de Lom\u00e9, r\u00e9alis\u00e9e afin d\u2019attirer attention sur la probl\u00e9matique des nanotechnologies en Afrique et au Togo.<\/p>\n\n\n\n<p>A pris part \u00e9galement \u00e0 cette rencontre le repr\u00e9sentant national de GEF en c\u00f4<strong>te<\/strong> d\u2019Ivoire, M. Cyriaque Ngoran.<\/p>\n\n\n\n<p>Plus de d\u00e9tails \u00e0 suivre dans cet \u00e9l\u00e9ment d\u2019<strong><a href=\"https:\/\/www.ecoconscience.tv\/\">Eco Conscience TV<\/a><\/strong>, depuis Abidjan<\/p>\n","protected":false},"excerpt":{"rendered":"<p>Du 30 au 31 mai 2019 a Abidjan, s\u2019est tenu \u00a0la r\u00e9union r\u00e9gionale du Hub de l\u2019IPEN Afrique Francophone, regroupant une vingtaine d\u2019organisation de l\u2019Afrique francophone, dont Welfare Togo, membres du r\u00e9seau International POPs Elimination Network (IPEN). Le hub Afrique Francophone d\u2019IPEN est constitu\u00e9 actuellement des OP venant de\u00a012 pays de l\u2019Afrique francophones plus la [&hellip;]<\/p>\n","protected":false},"author":2,"featured_media":7767,"comment_status":"open","ping_status":"open","sticky":false,"template":"","format":"video","meta":{"ec_post_video":"https:\/\/www.youtube.com\/watch?v=VIKFok6Mv1s"},"categories":[372],"tags":[1751,839,812,1593,1150],"odd":[],"_links":{"self":[{"href":"https:\/\/www.ecoconscience.tv\/api\/wp\/v2\/posts\/7762"}],"collection":[{"href":"https:\/\/www.ecoconscience.tv\/api\/wp\/v2\/posts"}],"about":[{"href":"https:\/\/www.ecoconscience.tv\/api\/wp\/v2\/types\/post"}],"author":[{"embeddable":true,"href":"https:\/\/www.ecoconscience.tv\/api\/wp\/v2\/users\/2"}],"replies":[{"embeddable":true,"href":"https:\/\/www.ecoconscience.tv\/api\/wp\/v2\/comments?post=7762"}],"version-history":[{"count":8,"href":"https:\/\/www.ecoconscience.tv\/api\/wp\/v2\/posts\/7762\/revisions"}],"predecessor-version":[{"id":7773,"href":"https:\/\/www.ecoconscience.tv\/api\/wp\/v2\/posts\/7762\/revisions\/7773"}],"wp:featuredmedia":[{"embeddable":true,"href":"https:\/\/www.ecoconscience.tv\/api\/wp\/v2\/media\/7767"}],"wp:attachment":[{"href":"https:\/\/www.ecoconscience.tv\/api\/wp\/v2\/media?parent=7762"}],"wp:term":[{"taxonomy":"category","embeddable":true,"href":"https:\/\/www.ecoconscience.tv\/api\/wp\/v2\/categories?post=7762"},{"taxonomy":"post_tag","embeddable":true,"href":"https:\/\/www.ecoconscience.tv\/api\/wp\/v2\/tags?post=7762"},{"taxonomy":"odd","embeddable":true,"href":"https:\/\/www.ecoconscience.tv\/api\/wp\/v2\/odd?post=7762"}],"curies":[{"name":"wp","href":"https:\/\/api.w.org\/{rel}","templated":true}]}}