{"id":7758,"date":"2019-05-28T16:56:19","date_gmt":"2019-05-28T16:56:19","guid":{"rendered":"https:\/\/www.ecoconscience.tv\/?p=7758"},"modified":"2019-05-28T16:56:21","modified_gmt":"2019-05-28T16:56:21","slug":"lartp-renforce-la-protection-des-droits-et-interets-des-consommateurs-togolais","status":"publish","type":"post","link":"https:\/\/www.ecoconscience.tv\/lartp-renforce-la-protection-des-droits-et-interets-des-consommateurs-togolais\/","title":{"rendered":"L\u2019ART&#038;P renforce la protection des droits et int\u00e9r\u00eats des consommateurs togolais"},"content":{"rendered":"\n<figure class=\"wp-block-video\"><\/figure>\n\n\n\n<p>L\u2019Autorit\u00e9 de R\u00e9glementation des secteurs de Postes et de T\u00e9l\u00e9communications (ART&amp;P) et quatre associations de consommateurs ont sign\u00e9 ce jeudi 23 mai 2019 au si\u00e8ge de cette institution, une convention intitul\u00e9e, \u00ab cadre de partenariat et de concertation (CPC).<\/p>\n\n\n\n<p>Le CPC a pour objet nous dit-on, la mise en place d\u2019un cadre juridique de concertation, de partenariat, de collaboration et d\u2019\u00e9changes entre l\u2019ART&amp;P et les associations de consommateurs en vue d\u2019assurer le renforcement de la protection des droits et int\u00e9r\u00eats des utilisateurs des services des communications \u00e9lectroniques et de la poste. L\u2019Association Togolaise des Consommateurs, la Ligue des Consommateurs du Togo, le Mouvement Martin Luther King et l\u2019Alliance Nationale des Consommateurs et de l\u2019Environnement sont les associations signataires de ladite convention.  <\/p>\n\n\n\n<p>Les d\u00e9tails \u00e0 lire dans le reportage.<\/p>\n\n\n\n<p>Chris. A<\/p>\n","protected":false},"excerpt":{"rendered":"<p>L\u2019Autorit\u00e9 de R\u00e9glementation des secteurs de Postes et de T\u00e9l\u00e9communications (ART&amp;P) et quatre associations de consommateurs ont sign\u00e9 ce jeudi 23 mai 2019 au si\u00e8ge de cette institution, une convention intitul\u00e9e, \u00ab cadre de partenariat et de concertation (CPC). Le CPC a pour objet nous dit-on, la mise en place d\u2019un cadre juridique de concertation, [&hellip;]<\/p>\n","protected":false},"author":2,"featured_media":7759,"comment_status":"open","ping_status":"open","sticky":false,"template":"","format":"video","meta":{"ec_post_video":"https:\/\/m.youtube.com\/watch?v=3LQGvUyzdCU"},"categories":[2],"tags":[],"odd":[],"_links":{"self":[{"href":"https:\/\/www.ecoconscience.tv\/api\/wp\/v2\/posts\/7758"}],"collection":[{"href":"https:\/\/www.ecoconscience.tv\/api\/wp\/v2\/posts"}],"about":[{"href":"https:\/\/www.ecoconscience.tv\/api\/wp\/v2\/types\/post"}],"author":[{"embeddable":true,"href":"https:\/\/www.ecoconscience.tv\/api\/wp\/v2\/users\/2"}],"replies":[{"embeddable":true,"href":"https:\/\/www.ecoconscience.tv\/api\/wp\/v2\/comments?post=7758"}],"version-history":[{"count":2,"href":"https:\/\/www.ecoconscience.tv\/api\/wp\/v2\/posts\/7758\/revisions"}],"predecessor-version":[{"id":7761,"href":"https:\/\/www.ecoconscience.tv\/api\/wp\/v2\/posts\/7758\/revisions\/7761"}],"wp:featuredmedia":[{"embeddable":true,"href":"https:\/\/www.ecoconscience.tv\/api\/wp\/v2\/media\/7759"}],"wp:attachment":[{"href":"https:\/\/www.ecoconscience.tv\/api\/wp\/v2\/media?parent=7758"}],"wp:term":[{"taxonomy":"category","embeddable":true,"href":"https:\/\/www.ecoconscience.tv\/api\/wp\/v2\/categories?post=7758"},{"taxonomy":"post_tag","embeddable":true,"href":"https:\/\/www.ecoconscience.tv\/api\/wp\/v2\/tags?post=7758"},{"taxonomy":"odd","embeddable":true,"href":"https:\/\/www.ecoconscience.tv\/api\/wp\/v2\/odd?post=7758"}],"curies":[{"name":"wp","href":"https:\/\/api.w.org\/{rel}","templated":true}]}}