{"id":7754,"date":"2019-05-28T15:40:00","date_gmt":"2019-05-28T15:40:00","guid":{"rendered":"https:\/\/www.ecoconscience.tv\/?p=7754"},"modified":"2019-06-12T22:47:25","modified_gmt":"2019-06-12T22:47:25","slug":"environnement-gado-bemah-prepare-la-releve","status":"publish","type":"post","link":"https:\/\/www.ecoconscience.tv\/environnement-gado-bemah-prepare-la-releve\/","title":{"rendered":"Environnement : Gado Bemah pr\u00e9pare la rel\u00e8ve"},"content":{"rendered":"\n<figure class=\"wp-block-video\"><\/figure>\n\n\n\n<p>L\u2019ONG Science et Technologies Africaines pour un D\u00e9veloppement Durable (STADD) a proc\u00e9d\u00e9 ce vendredi 24 mai 2019, au lancement du concours du champion scolaire de l\u2019environnement 2019. <\/p>\n\n\n\n<p>Cette comp\u00e9tition est destin\u00e9e aux \u00e9l\u00e8ves de cinq \u00e9tablissements scolaires publics et priv\u00e9s de Lom\u00e9 qui ont r\u00e9cemment \u00e9t\u00e9 form\u00e9s par la dite ONG, en th\u00e9orie comme en pratique, sur les diff\u00e9rentes formes de r\u00e9utilisation des d\u00e9chets. <br> Ils sont cette fois ci appel\u00e9s \u00e0 innover, cr\u00e9er et faire valoir leurs talents \u00e0 travers la proposition d\u2019un projet environnemental, d\u2019une \u0153uvre d\u2019art ou d\u2019une innovation en r\u00e9utilisation et recyclage des d\u00e9chets. En termes de r\u00e9compense, les frais d\u2019\u00e9colage et de fourniture scolaire des 5 laur\u00e9ats, soit le premier de chaque \u00e9cole seront pris en charge pendant une ann\u00e9e par les organisateurs dudit concours. <\/p>\n\n\n\n<p>Les d\u00e9tails sur le sujet \u00e0 lire dans le reportage.<\/p>\n\n\n\n<p>Chris A.<\/p>\n","protected":false},"excerpt":{"rendered":"<p>L\u2019ONG Science et Technologies Africaines pour un D\u00e9veloppement Durable (STADD) a proc\u00e9d\u00e9 ce vendredi 24 mai 2019, au lancement du concours du champion scolaire de l\u2019environnement 2019. Cette comp\u00e9tition est destin\u00e9e aux \u00e9l\u00e8ves de cinq \u00e9tablissements scolaires publics et priv\u00e9s de Lom\u00e9 qui ont r\u00e9cemment \u00e9t\u00e9 form\u00e9s par la dite ONG, en th\u00e9orie comme en [&hellip;]<\/p>\n","protected":false},"author":2,"featured_media":7755,"comment_status":"open","ping_status":"open","sticky":false,"template":"","format":"video","meta":{"ec_post_video":"https:\/\/m.youtube.com\/watch?v=xc6WVyL4L70"},"categories":[2],"tags":[],"odd":[],"_links":{"self":[{"href":"https:\/\/www.ecoconscience.tv\/api\/wp\/v2\/posts\/7754"}],"collection":[{"href":"https:\/\/www.ecoconscience.tv\/api\/wp\/v2\/posts"}],"about":[{"href":"https:\/\/www.ecoconscience.tv\/api\/wp\/v2\/types\/post"}],"author":[{"embeddable":true,"href":"https:\/\/www.ecoconscience.tv\/api\/wp\/v2\/users\/2"}],"replies":[{"embeddable":true,"href":"https:\/\/www.ecoconscience.tv\/api\/wp\/v2\/comments?post=7754"}],"version-history":[{"count":2,"href":"https:\/\/www.ecoconscience.tv\/api\/wp\/v2\/posts\/7754\/revisions"}],"predecessor-version":[{"id":7757,"href":"https:\/\/www.ecoconscience.tv\/api\/wp\/v2\/posts\/7754\/revisions\/7757"}],"wp:featuredmedia":[{"embeddable":true,"href":"https:\/\/www.ecoconscience.tv\/api\/wp\/v2\/media\/7755"}],"wp:attachment":[{"href":"https:\/\/www.ecoconscience.tv\/api\/wp\/v2\/media?parent=7754"}],"wp:term":[{"taxonomy":"category","embeddable":true,"href":"https:\/\/www.ecoconscience.tv\/api\/wp\/v2\/categories?post=7754"},{"taxonomy":"post_tag","embeddable":true,"href":"https:\/\/www.ecoconscience.tv\/api\/wp\/v2\/tags?post=7754"},{"taxonomy":"odd","embeddable":true,"href":"https:\/\/www.ecoconscience.tv\/api\/wp\/v2\/odd?post=7754"}],"curies":[{"name":"wp","href":"https:\/\/api.w.org\/{rel}","templated":true}]}}