{"id":7641,"date":"2019-05-01T10:39:43","date_gmt":"2019-05-01T10:39:43","guid":{"rendered":"https:\/\/www.ecoconscience.tv\/?p=7641"},"modified":"2019-05-01T20:09:16","modified_gmt":"2019-05-01T20:09:16","slug":"renforcement-de-la-resilience-des-communautes-victimes-derosion-cotiere-adt-sengage","status":"publish","type":"post","link":"https:\/\/www.ecoconscience.tv\/renforcement-de-la-resilience-des-communautes-victimes-derosion-cotiere-adt-sengage\/","title":{"rendered":"Renforcement de la r\u00e9silience des communaut\u00e9s victimes d&rsquo;\u00e9rosion c\u00f4ti\u00e8re : ADT s&rsquo;engage"},"content":{"rendered":"\n<figure class=\"wp-block-video\"><\/figure>\n\n\n\n<p><strong>Le fl\u00e9au est mortel ; il est embarrassant, cruel et insupportable pour les familles ou communaut\u00e9s qui devront subir la perte de leurs habitations, de leurs biens, de leurs activit\u00e9s g\u00e9n\u00e9ratrices de revenus, bref de leur vie. L\u2019\u00e9rosion c\u00f4ti\u00e8re, puisque c\u2019est d\u2019elle qu\u2019il s\u2019agit, a consid\u00e9rablement d\u00e9grad\u00e9 certaines parties de la c\u00f4te togolaise, notamment \u00e0 \u00ab Doevi Kop\u00e9 \u00bb encore appel\u00e9 \u00ab Baguida Plage \u00bb, o\u00f9 les maisons et toute autre infrastructure au bord de la mer sont consid\u00e9rablement touch\u00e9es par le ph\u00e9nom\u00e8ne. Certaines personnes sont d\u00e9j\u00e0 d\u00e9log\u00e9es de leurs habitations, d\u2019autres le seront dans un futur tr\u00e8s proche si rien est fait.<\/strong><\/p>\n\n\n\n<p> On n\u2019oubliera pas l\u2019activit\u00e9 de p\u00eache, principale source de revenus de cette communaut\u00e9 qui tourne en outre au ralenti, laissant ces personnes dans un d\u00e9sarroi absolu. <\/p>\n\n\n\n<p> <br> Comme l\u2019indique l\u2019<strong>ONG Les Amis de la Terre Togo (ADT)<\/strong>, la situation serait plus grave, si l\u2019exploitation du p\u00e9trole dans cette zone venait \u00e0 se concr\u00e9tiser un jour. Apr\u00e8s plusieurs s\u00e9ances de formations organis\u00e9es par ladite organisation en faveur de certains membres de cette communaut\u00e9 sur ce dernier aspect, <strong>l&rsquo;ONG Les Amis de la Terre Togo (ADT)<\/strong>,   egalement comme d&rsquo;acteurs lance l\u2019alerte. <\/p>\n\n\n\n<p><br> Suivez donc ce mini documentaire pour les d\u00e9tails.<\/p>\n\n\n\n<p>La r\u00e9daction.<\/p>\n\n\n\n<p><\/p>\n","protected":false},"excerpt":{"rendered":"<p>Le fl\u00e9au est mortel ; il est embarrassant, cruel et insupportable pour les familles ou communaut\u00e9s qui devront subir la perte de leurs habitations, de leurs biens, de leurs activit\u00e9s g\u00e9n\u00e9ratrices de revenus, bref de leur vie. L\u2019\u00e9rosion c\u00f4ti\u00e8re, puisque c\u2019est d\u2019elle qu\u2019il s\u2019agit, a consid\u00e9rablement d\u00e9grad\u00e9 certaines parties de la c\u00f4te togolaise, notamment \u00e0 [&hellip;]<\/p>\n","protected":false},"author":2,"featured_media":7643,"comment_status":"open","ping_status":"open","sticky":false,"template":"","format":"video","meta":{"ec_post_video":"https:\/\/www.youtube.com\/watch?v=naylJzoR1F0"},"categories":[372],"tags":[],"odd":[],"_links":{"self":[{"href":"https:\/\/www.ecoconscience.tv\/api\/wp\/v2\/posts\/7641"}],"collection":[{"href":"https:\/\/www.ecoconscience.tv\/api\/wp\/v2\/posts"}],"about":[{"href":"https:\/\/www.ecoconscience.tv\/api\/wp\/v2\/types\/post"}],"author":[{"embeddable":true,"href":"https:\/\/www.ecoconscience.tv\/api\/wp\/v2\/users\/2"}],"replies":[{"embeddable":true,"href":"https:\/\/www.ecoconscience.tv\/api\/wp\/v2\/comments?post=7641"}],"version-history":[{"count":5,"href":"https:\/\/www.ecoconscience.tv\/api\/wp\/v2\/posts\/7641\/revisions"}],"predecessor-version":[{"id":7651,"href":"https:\/\/www.ecoconscience.tv\/api\/wp\/v2\/posts\/7641\/revisions\/7651"}],"wp:featuredmedia":[{"embeddable":true,"href":"https:\/\/www.ecoconscience.tv\/api\/wp\/v2\/media\/7643"}],"wp:attachment":[{"href":"https:\/\/www.ecoconscience.tv\/api\/wp\/v2\/media?parent=7641"}],"wp:term":[{"taxonomy":"category","embeddable":true,"href":"https:\/\/www.ecoconscience.tv\/api\/wp\/v2\/categories?post=7641"},{"taxonomy":"post_tag","embeddable":true,"href":"https:\/\/www.ecoconscience.tv\/api\/wp\/v2\/tags?post=7641"},{"taxonomy":"odd","embeddable":true,"href":"https:\/\/www.ecoconscience.tv\/api\/wp\/v2\/odd?post=7641"}],"curies":[{"name":"wp","href":"https:\/\/api.w.org\/{rel}","templated":true}]}}