{"id":7630,"date":"2019-04-27T15:29:51","date_gmt":"2019-04-27T15:29:51","guid":{"rendered":"https:\/\/www.ecoconscience.tv\/?p=7630"},"modified":"2019-04-28T19:23:26","modified_gmt":"2019-04-28T19:23:26","slug":"la-declaration-des-biens-bientot-une-realite-au-togo-selon-faure-gnassingbe","status":"publish","type":"post","link":"https:\/\/www.ecoconscience.tv\/la-declaration-des-biens-bientot-une-realite-au-togo-selon-faure-gnassingbe\/","title":{"rendered":"La d\u00e9claration des biens, bient\u00f4t une r\u00e9alit\u00e9 au Togo selon Faure Gnassingb\u00e9"},"content":{"rendered":"\n<figure class=\"wp-block-video\"><\/figure>\n\n\n\n<p>Faure GNASSINGBE, pr\u00e9sident de la R\u00e9publique Togolaise \u00e0 l\u2019Assembl\u00e9e Nationale pour une adresse sur l\u2019\u00e9tat de la nation comme l\u2019exige l\u2019article 74 de notre constitution, cela n\u2019est plus arriv\u00e9 depuis 2006. Devant les \u00e9lus du peuple, les pr\u00e9sidents des institutions de la R\u00e9publique et des invit\u00e9s de marque ce vendredi 26 avril en effet, c\u2019est un pr\u00e9sident qui a fait plusieurs annonces pour l\u2019am\u00e9lioration de la vie des togolais. <\/p>\n\n\n\n<p>De la continuation des actions sociales en faveur des couches les plus vuln\u00e9rables, \u00e0 son souhait de voir toute la classe politique participer aux prochaines \u00e9lections locales en passant par ce que le PND doit apporter au pays en terme de d\u00e9veloppement, le 1er des togolais semble avoir agr\u00e9ablement surpris plus d\u2019un. <\/p>\n\n\n\n<p><strong>L\u2019autre point qui a retenu l\u2019attention de la r\u00e9daction de Eco conscience TV, ce sont les grandes mesures prises pour renforcer la lutte contre la corruption au Togo, notamment le vote imminent d\u2019une loi organique pour l\u2019effectivit\u00e9 de la d\u00e9claration des biens comme le veut la constitution togolaise, et aussi, la mise en place courant cette ann\u00e9e du conseil \u00e9conomique et social pour am\u00e9liorer la gouvernance \u00e9conomique.<\/strong><br><\/p>\n\n\n\n<p>Suivez ce reportage de Chris AGBEDINOU qui \u00e9tait sur les lieux pour les d\u00e9tails sur le sujet.<\/p>\n","protected":false},"excerpt":{"rendered":"<p>Faure GNASSINGBE, pr\u00e9sident de la R\u00e9publique Togolaise \u00e0 l\u2019Assembl\u00e9e Nationale pour une adresse sur l\u2019\u00e9tat de la nation comme l\u2019exige l\u2019article 74 de notre constitution, cela n\u2019est plus arriv\u00e9 depuis 2006. Devant les \u00e9lus du peuple, les pr\u00e9sidents des institutions de la R\u00e9publique et des invit\u00e9s de marque ce vendredi 26 avril en effet, c\u2019est [&hellip;]<\/p>\n","protected":false},"author":2,"featured_media":7632,"comment_status":"open","ping_status":"open","sticky":false,"template":"","format":"video","meta":{"ec_post_video":"https:\/\/www.youtube.com\/watch?v=GCCl7_FHqc4"},"categories":[372],"tags":[1738,1737],"odd":[],"_links":{"self":[{"href":"https:\/\/www.ecoconscience.tv\/api\/wp\/v2\/posts\/7630"}],"collection":[{"href":"https:\/\/www.ecoconscience.tv\/api\/wp\/v2\/posts"}],"about":[{"href":"https:\/\/www.ecoconscience.tv\/api\/wp\/v2\/types\/post"}],"author":[{"embeddable":true,"href":"https:\/\/www.ecoconscience.tv\/api\/wp\/v2\/users\/2"}],"replies":[{"embeddable":true,"href":"https:\/\/www.ecoconscience.tv\/api\/wp\/v2\/comments?post=7630"}],"version-history":[{"count":3,"href":"https:\/\/www.ecoconscience.tv\/api\/wp\/v2\/posts\/7630\/revisions"}],"predecessor-version":[{"id":7635,"href":"https:\/\/www.ecoconscience.tv\/api\/wp\/v2\/posts\/7630\/revisions\/7635"}],"wp:featuredmedia":[{"embeddable":true,"href":"https:\/\/www.ecoconscience.tv\/api\/wp\/v2\/media\/7632"}],"wp:attachment":[{"href":"https:\/\/www.ecoconscience.tv\/api\/wp\/v2\/media?parent=7630"}],"wp:term":[{"taxonomy":"category","embeddable":true,"href":"https:\/\/www.ecoconscience.tv\/api\/wp\/v2\/categories?post=7630"},{"taxonomy":"post_tag","embeddable":true,"href":"https:\/\/www.ecoconscience.tv\/api\/wp\/v2\/tags?post=7630"},{"taxonomy":"odd","embeddable":true,"href":"https:\/\/www.ecoconscience.tv\/api\/wp\/v2\/odd?post=7630"}],"curies":[{"name":"wp","href":"https:\/\/api.w.org\/{rel}","templated":true}]}}