{"id":7603,"date":"2019-04-25T08:02:59","date_gmt":"2019-04-25T08:02:59","guid":{"rendered":"https:\/\/www.ecoconscience.tv\/?p=7603"},"modified":"2019-04-25T08:25:37","modified_gmt":"2019-04-25T08:25:37","slug":"togo-et-la-lumiere-fut-a-sikpe-afidegnon","status":"publish","type":"post","link":"https:\/\/www.ecoconscience.tv\/togo-et-la-lumiere-fut-a-sikpe-afidegnon\/","title":{"rendered":"Togo : Et la lumi\u00e8re fut \u00e0 Sikpe Afidegnon"},"content":{"rendered":"\n<p>La toute premi\u00e8re \u00ab communaut\u00e9 connect\u00e9e de demain \u00bb a \u00e9t\u00e9 inaugur\u00e9e ce mercredi 24 avril \u00e0 Sikp\u00e9 Afidegnon (Village de la pr\u00e9fecture de Yoto) par le <strong>pr\u00e9sident de la R\u00e9publique Togolaise, Faure Essozimna GNASSINGBE. <\/strong><\/p>\n\n\n\n<figure class=\"wp-block-image\"><img loading=\"lazy\" width=\"1059\" height=\"596\" src=\"https:\/\/www.ecoconscience.tv\/wp-content\/uploads\/2019\/04\/20190425_075257.png\" alt=\"\" class=\"wp-image-7606\"\/><\/figure>\n\n\n\n<p><strong>Cette localit\u00e9 est en r\u00e9alit\u00e9 \u00e9lectrifi\u00e9e gr\u00e2ce \u00e0 une  installation par les entreprises BBOXX et EDF dans le compte de la soci\u00e9t\u00e9 Togocom, d\u2019une mini-centrale solaire de 30 KVA pour l\u2019\u00e9lectrification de sa tour dans ledit village. L\u2019infrastructure par la m\u00eame occasion, permet \u00e0 la population b\u00e9n\u00e9ficiaire d\u2019avoir acc\u00e8s au r\u00e9seau de t\u00e9l\u00e9communication et aux services associ\u00e9s. <\/strong><\/p>\n\n\n\n<p>Plus de 300 autres localit\u00e9s sur toute l\u2019\u00e9tendue du territoire national b\u00e9n\u00e9ficieront dans les prochains mois du m\u00eame projet ; une initiative du gouvernement togolais.<br><\/p>\n\n\n\n<p>Les d\u00e9tails de cette inauguration \u00e0 suivre dans le reportage.<\/p>\n\n\n\n<p>Chris. A<\/p>\n","protected":false},"excerpt":{"rendered":"<p>La toute premi\u00e8re \u00ab communaut\u00e9 connect\u00e9e de demain \u00bb a \u00e9t\u00e9 inaugur\u00e9e ce mercredi 24 avril \u00e0 Sikp\u00e9 Afidegnon (Village de la pr\u00e9fecture de Yoto) par le pr\u00e9sident de la R\u00e9publique Togolaise, Faure Essozimna GNASSINGBE. Cette localit\u00e9 est en r\u00e9alit\u00e9 \u00e9lectrifi\u00e9e gr\u00e2ce \u00e0 une installation par les entreprises BBOXX et EDF dans le compte de [&hellip;]<\/p>\n","protected":false},"author":2,"featured_media":7610,"comment_status":"open","ping_status":"open","sticky":false,"template":"","format":"standard","meta":{"ec_post_video":"https:\/\/www.youtube.com\/watch?v=9tj-Ca6_X5Q"},"categories":[372,2],"tags":[],"odd":[],"_links":{"self":[{"href":"https:\/\/www.ecoconscience.tv\/api\/wp\/v2\/posts\/7603"}],"collection":[{"href":"https:\/\/www.ecoconscience.tv\/api\/wp\/v2\/posts"}],"about":[{"href":"https:\/\/www.ecoconscience.tv\/api\/wp\/v2\/types\/post"}],"author":[{"embeddable":true,"href":"https:\/\/www.ecoconscience.tv\/api\/wp\/v2\/users\/2"}],"replies":[{"embeddable":true,"href":"https:\/\/www.ecoconscience.tv\/api\/wp\/v2\/comments?post=7603"}],"version-history":[{"count":2,"href":"https:\/\/www.ecoconscience.tv\/api\/wp\/v2\/posts\/7603\/revisions"}],"predecessor-version":[{"id":7609,"href":"https:\/\/www.ecoconscience.tv\/api\/wp\/v2\/posts\/7603\/revisions\/7609"}],"wp:featuredmedia":[{"embeddable":true,"href":"https:\/\/www.ecoconscience.tv\/api\/wp\/v2\/media\/7610"}],"wp:attachment":[{"href":"https:\/\/www.ecoconscience.tv\/api\/wp\/v2\/media?parent=7603"}],"wp:term":[{"taxonomy":"category","embeddable":true,"href":"https:\/\/www.ecoconscience.tv\/api\/wp\/v2\/categories?post=7603"},{"taxonomy":"post_tag","embeddable":true,"href":"https:\/\/www.ecoconscience.tv\/api\/wp\/v2\/tags?post=7603"},{"taxonomy":"odd","embeddable":true,"href":"https:\/\/www.ecoconscience.tv\/api\/wp\/v2\/odd?post=7603"}],"curies":[{"name":"wp","href":"https:\/\/api.w.org\/{rel}","templated":true}]}}