{"id":7592,"date":"2019-04-23T18:22:04","date_gmt":"2019-04-23T18:22:04","guid":{"rendered":"https:\/\/www.ecoconscience.tv\/?p=7592"},"modified":"2019-04-23T18:22:05","modified_gmt":"2019-04-23T18:22:05","slug":"pasiet-vers-lamelioration-du-systeme-dinformation-environnementale-au-togo","status":"publish","type":"post","link":"https:\/\/www.ecoconscience.tv\/pasiet-vers-lamelioration-du-systeme-dinformation-environnementale-au-togo\/","title":{"rendered":"PASIET : vers l\u2019am\u00e9lioration du syst\u00e8me d\u2019information environnementale au Togo"},"content":{"rendered":"\n<p><strong>Un nouveau projet sous la coordination de l\u2019Agence Nationale de Gestion de l\u2019Environnement a \u00e9t\u00e9 officiellement lanc\u00e9 ce mardi 23 avril \u00e0 Lom\u00e9, par le Ministre Koutera BATAKA de l\u2019Agriculture, repr\u00e9sentant en r\u00e9alit\u00e9 son coll\u00e8gue du Minist\u00e8re de l\u2019Environnement, du d\u00e9veloppement durable et de la protection de la nature. <\/strong><\/p>\n\n\n\n<p>Il s\u2019agit du Projet d\u2019am\u00e9lioration du syst\u00e8me d\u2019information environnementale du Togo (PASIET) dont le lancement a \u00e9t\u00e9 coupl\u00e9 de celui de l\u2019\u00e9laboration du premier rapport sur l\u2019\u00e9tat de l\u2019environnement du Togo. <\/p>\n\n\n\n<p><em>Le PASIET devra permettre l\u2019\u00e9dification d\u2019un m\u00e9canisme de surveillance et de mesure des progr\u00e8s dans le cadre du suivi des ODD et la mesure de la durabilit\u00e9 environnementale et \u00e9cologique au Togo par le renforcement et l\u2019institutionnalisation des statistiques de l\u2019environnement.<\/em><br><\/p>\n\n\n\n<p>Les d\u00e9tails sur le sujet \u00e0 lire dans le reportage.<br><\/p>\n\n\n\n<p>Chris. A<br><\/p>\n","protected":false},"excerpt":{"rendered":"<p>Un nouveau projet sous la coordination de l\u2019Agence Nationale de Gestion de l\u2019Environnement a \u00e9t\u00e9 officiellement lanc\u00e9 ce mardi 23 avril \u00e0 Lom\u00e9, par le Ministre Koutera BATAKA de l\u2019Agriculture, repr\u00e9sentant en r\u00e9alit\u00e9 son coll\u00e8gue du Minist\u00e8re de l\u2019Environnement, du d\u00e9veloppement durable et de la protection de la nature. Il s\u2019agit du Projet d\u2019am\u00e9lioration du [&hellip;]<\/p>\n","protected":false},"author":2,"featured_media":7594,"comment_status":"open","ping_status":"open","sticky":false,"template":"","format":"standard","meta":{"ec_post_video":"https:\/\/www.youtube.com\/watch?v=W2TdliOB59w"},"categories":[2],"tags":[1734,1733],"odd":[],"_links":{"self":[{"href":"https:\/\/www.ecoconscience.tv\/api\/wp\/v2\/posts\/7592"}],"collection":[{"href":"https:\/\/www.ecoconscience.tv\/api\/wp\/v2\/posts"}],"about":[{"href":"https:\/\/www.ecoconscience.tv\/api\/wp\/v2\/types\/post"}],"author":[{"embeddable":true,"href":"https:\/\/www.ecoconscience.tv\/api\/wp\/v2\/users\/2"}],"replies":[{"embeddable":true,"href":"https:\/\/www.ecoconscience.tv\/api\/wp\/v2\/comments?post=7592"}],"version-history":[{"count":2,"href":"https:\/\/www.ecoconscience.tv\/api\/wp\/v2\/posts\/7592\/revisions"}],"predecessor-version":[{"id":7596,"href":"https:\/\/www.ecoconscience.tv\/api\/wp\/v2\/posts\/7592\/revisions\/7596"}],"wp:featuredmedia":[{"embeddable":true,"href":"https:\/\/www.ecoconscience.tv\/api\/wp\/v2\/media\/7594"}],"wp:attachment":[{"href":"https:\/\/www.ecoconscience.tv\/api\/wp\/v2\/media?parent=7592"}],"wp:term":[{"taxonomy":"category","embeddable":true,"href":"https:\/\/www.ecoconscience.tv\/api\/wp\/v2\/categories?post=7592"},{"taxonomy":"post_tag","embeddable":true,"href":"https:\/\/www.ecoconscience.tv\/api\/wp\/v2\/tags?post=7592"},{"taxonomy":"odd","embeddable":true,"href":"https:\/\/www.ecoconscience.tv\/api\/wp\/v2\/odd?post=7592"}],"curies":[{"name":"wp","href":"https:\/\/api.w.org\/{rel}","templated":true}]}}