{"id":7585,"date":"2019-04-23T15:57:57","date_gmt":"2019-04-23T15:57:57","guid":{"rendered":"https:\/\/www.ecoconscience.tv\/?p=7585"},"modified":"2019-04-23T17:53:58","modified_gmt":"2019-04-23T17:53:58","slug":"rehabilitaion-des-aires-protegees-au-togo-le-prapt-est-a-saluer","status":"publish","type":"post","link":"https:\/\/www.ecoconscience.tv\/rehabilitaion-des-aires-protegees-au-togo-le-prapt-est-a-saluer\/","title":{"rendered":"R\u00e9habilitation des aires prot\u00e9g\u00e9es au Togo: le PRAPT est \u00e0 r\u00e9\u00e9diter"},"content":{"rendered":"\n<p>Apr\u00e8s sept (07) de mise en \u0153uvre, le Projet de Renforcement du R\u00f4le de Conservation du Syst\u00e8me National d\u2019Aires Prot\u00e9g\u00e9es (PRAPT) est arriv\u00e9 \u00e0 termes. <\/p>\n\n\n\n<p><strong>A l\u2019heure du bilan, c\u2019est un sentiment du devoir accompli est partag\u00e9 \u00e0 tous les niveaux, notamment du c\u00f4t\u00e9 des communaut\u00e9s riveraines des aires prot\u00e9g\u00e9es, ainsi que de celui des membres du comit\u00e9 de pilotage du projet qui se sont \u00e9galement prononc\u00e9s \u00e0 l\u2019issue de leur derni\u00e8re r\u00e9union tenue en d\u00e9but avril \u00e0 Nots\u00e9.<\/strong><\/p>\n\n\n\n<p> Nous vous proposons de suivre dans ce dossier sp\u00e9cial, les diff\u00e9rentes interventions de toutes les parties prenantes sur les acquis, perspectives \u00e0 entreprendre pour l\u2019apr\u00e8s PRAPT.<\/p>\n\n\n\n<p>Chris. A<\/p>\n","protected":false},"excerpt":{"rendered":"<p>Apr\u00e8s sept (07) de mise en \u0153uvre, le Projet de Renforcement du R\u00f4le de Conservation du Syst\u00e8me National d\u2019Aires Prot\u00e9g\u00e9es (PRAPT) est arriv\u00e9 \u00e0 termes. A l\u2019heure du bilan, c\u2019est un sentiment du devoir accompli est partag\u00e9 \u00e0 tous les niveaux, notamment du c\u00f4t\u00e9 des communaut\u00e9s riveraines des aires prot\u00e9g\u00e9es, ainsi que de celui des [&hellip;]<\/p>\n","protected":false},"author":2,"featured_media":7587,"comment_status":"open","ping_status":"open","sticky":false,"template":"","format":"standard","meta":{"ec_post_video":"https:\/\/www.youtube.com\/watch?v=d8JOn1_6r98&app=desktop"},"categories":[3],"tags":[],"odd":[],"_links":{"self":[{"href":"https:\/\/www.ecoconscience.tv\/api\/wp\/v2\/posts\/7585"}],"collection":[{"href":"https:\/\/www.ecoconscience.tv\/api\/wp\/v2\/posts"}],"about":[{"href":"https:\/\/www.ecoconscience.tv\/api\/wp\/v2\/types\/post"}],"author":[{"embeddable":true,"href":"https:\/\/www.ecoconscience.tv\/api\/wp\/v2\/users\/2"}],"replies":[{"embeddable":true,"href":"https:\/\/www.ecoconscience.tv\/api\/wp\/v2\/comments?post=7585"}],"version-history":[{"count":4,"href":"https:\/\/www.ecoconscience.tv\/api\/wp\/v2\/posts\/7585\/revisions"}],"predecessor-version":[{"id":7591,"href":"https:\/\/www.ecoconscience.tv\/api\/wp\/v2\/posts\/7585\/revisions\/7591"}],"wp:featuredmedia":[{"embeddable":true,"href":"https:\/\/www.ecoconscience.tv\/api\/wp\/v2\/media\/7587"}],"wp:attachment":[{"href":"https:\/\/www.ecoconscience.tv\/api\/wp\/v2\/media?parent=7585"}],"wp:term":[{"taxonomy":"category","embeddable":true,"href":"https:\/\/www.ecoconscience.tv\/api\/wp\/v2\/categories?post=7585"},{"taxonomy":"post_tag","embeddable":true,"href":"https:\/\/www.ecoconscience.tv\/api\/wp\/v2\/tags?post=7585"},{"taxonomy":"odd","embeddable":true,"href":"https:\/\/www.ecoconscience.tv\/api\/wp\/v2\/odd?post=7585"}],"curies":[{"name":"wp","href":"https:\/\/api.w.org\/{rel}","templated":true}]}}